{"id":4931,"date":"2024-07-08T10:42:00","date_gmt":"2024-07-08T08:42:00","guid":{"rendered":"https:\/\/cftc-syntec.fr\/testimport\/editorial-7\/"},"modified":"2024-07-08T10:42:00","modified_gmt":"2024-07-08T08:42:00","slug":"editorial-7","status":"publish","type":"post","link":"https:\/\/cftc-syntec.fr\/testimport\/editorial-7\/","title":{"rendered":"\u00c9DITORIAL"},"content":{"rendered":"<p>Derni\u00e8re ligne droite avant les Jeux Olympiques et Paralympiques ! \u00c9v\u00e9nement attendu depuis des ann\u00e9es, plus l\u2019\u00e9ch\u00e9ance se rapproche plus l\u2019enthousiasme grandit.<br \/>Il n\u2019y a qu\u2019\u00e0 voir le succ\u00e8s de l\u2019arriv\u00e9e de la flamme olympique sur le magnifique trois-m\u00e2ts Le Belem \u00e0 Marseille.<br \/>Mais l\u2019inqui\u00e9tude grandit aussi.<br \/>Les infrastructures seront-elles pr\u00eates ? L\u2019organisation sera-t-elle au rendez-vous ? La s\u00e9curit\u00e9 sera-t-elle assur\u00e9e\u202f? Les d\u00e9placements \u00e0 Paris et en Ile de France vont \u00eatre difficiles. Les efforts demand\u00e9s aux salari\u00e9s et agents publics concern\u00e9s seront-ils correctement r\u00e9tribu\u00e9s ou compens\u00e9s ? La CFTC doit, bien entendu, y veiller. Des risques de mouvement social dans certains secteurs ne sont pas \u00e0 exclure. Bref, cet \u00e9v\u00e8nement majeur et mondial ne pouvait nous laisser indiff\u00e9rent. C\u2019est pourquoi ce num\u00e9ro du Lien syndical y consacre son dossier avec une approche CFTC.<\/p>\n<p>Le forum SSCT (S\u00e9curit\u00e9, Sant\u00e9 et Condition de Travail), consacr\u00e9 \u00e0 la m\u00e9diation, organis\u00e9 le 13\u202fjuin par la F\u00e9d\u00e9ration Media+, a conquis les participants par la qualit\u00e9 des interventions et le format original de certaines s\u00e9quences. Nous y revenons dans ce num\u00e9ro.<\/p>\n<p>En octobre prochain, les \u00e9lections professionnelles au sein de La Poste SA constituent une \u00e9ch\u00e9ance majeure pour notre F\u00e9d\u00e9ration et nos syndicats. En effet, pour la premi\u00e8re fois, les posti\u00e8res<br \/>et postiers seront amen\u00e9s \u00e0 voter pour leurs repr\u00e9sentants dans 32 CSE (Comit\u00e9 Social et<br \/>\u00c9conomique). La F\u00e9d\u00e9ration accompagne la Section nationale La Poste et tous ses militants, totalement mobilis\u00e9s pour gagner ces \u00e9lections. Nous sommes d\u00e9sormais dans la derni\u00e8re ligne droite. Elle<br \/>sera d\u00e9cisive.<\/p>\n<p>En fin d\u2019ann\u00e9e, les salari\u00e9s des TPE (Tr\u00e8s petites entreprises, entreprise de moins de 11\u202fsalari\u00e9s) et des Particuliers Employeurs seront appeler \u00e0 voter pour leurs repr\u00e9sentants.<br \/>La CFTC d\u00e9ploie un plan d\u2019action ambitieux. Cette \u00e9lection, tr\u00e8s importante, va compter pour notre repr\u00e9sentativit\u00e9. Chacun d\u2019entre nous connait un salari\u00e9 chez ses commer\u00e7ants de proximit\u00e9 ou artisans habituels ou se trouve \u00eatre un particulier employeur. Alors, d\u00e8s \u00e0 pr\u00e9sent, mobilisons-nous et faisons<br \/>voter CFTC !<\/p>\n<p>Maintenant, je vous laisse d\u00e9couvrir ce num\u00e9ro. Et, en d\u00e9pit du contexte bouscul\u00e9 et incertain, je vous souhaite de bonnes vacances reposantes et ensoleill\u00e9es et vous donne rendez-vous \u00e0 la rentr\u00e9e\u2026<\/p>\n<p>L\u2019article <a href=\"https:\/\/www.cftcmediaplus.fr\/federation\/editorial-7\/\">\u00c9DITORIAL<\/a> est apparu en premier sur <a href=\"https:\/\/www.cftcmediaplus.fr\/\">CFTC Media Plus<\/a>.<\/p>\n","protected":false},"excerpt":{"rendered":"<p>Derni\u00e8re ligne droite avant les Jeux Olympiques et Paralympiques ! \u00c9v\u00e9nement attendu depuis des ann\u00e9es, plus l\u2019\u00e9ch\u00e9ance se rapproche plus l\u2019enthousiasme grandit.Il n\u2019y a qu\u2019\u00e0 voir le succ\u00e8s de l\u2019arriv\u00e9e de la flamme olympique sur le magnifique trois-m\u00e2ts Le Belem \u00e0 Marseille.Mais l\u2019inqui\u00e9tude grandit aussi.Les infrastructures seront-elles pr\u00eates ? L\u2019organisation sera-t-elle au rendez-vous ? La [&hellip;]<\/p>\n","protected":false},"author":0,"featured_media":0,"comment_status":"open","ping_status":"open","sticky":false,"template":"","format":"standard","meta":[],"categories":[1],"tags":[],"_links":{"self":[{"href":"https:\/\/cftc-syntec.fr\/testimport\/wp-json\/wp\/v2\/posts\/4931"}],"collection":[{"href":"https:\/\/cftc-syntec.fr\/testimport\/wp-json\/wp\/v2\/posts"}],"about":[{"href":"https:\/\/cftc-syntec.fr\/testimport\/wp-json\/wp\/v2\/types\/post"}],"replies":[{"embeddable":true,"href":"https:\/\/cftc-syntec.fr\/testimport\/wp-json\/wp\/v2\/comments?post=4931"}],"version-history":[{"count":0,"href":"https:\/\/cftc-syntec.fr\/testimport\/wp-json\/wp\/v2\/posts\/4931\/revisions"}],"wp:attachment":[{"href":"https:\/\/cftc-syntec.fr\/testimport\/wp-json\/wp\/v2\/media?parent=4931"}],"wp:term":[{"taxonomy":"category","embeddable":true,"href":"https:\/\/cftc-syntec.fr\/testimport\/wp-json\/wp\/v2\/categories?post=4931"},{"taxonomy":"post_tag","embeddable":true,"href":"https:\/\/cftc-syntec.fr\/testimport\/wp-json\/wp\/v2\/tags?post=4931"}],"curies":[{"name":"wp","href":"https:\/\/api.w.org\/{rel}","templated":true}]}}