{"id":4935,"date":"2024-07-10T11:16:54","date_gmt":"2024-07-10T09:16:54","guid":{"rendered":"https:\/\/cftc-syntec.fr\/testimport\/interview-de-kevin-campion\/"},"modified":"2024-07-10T11:16:54","modified_gmt":"2024-07-10T09:16:54","slug":"interview-de-kevin-campion","status":"publish","type":"post","link":"https:\/\/cftc-syntec.fr\/testimport\/interview-de-kevin-campion\/","title":{"rendered":"INTERVIEW DE KEVIN CAMPION"},"content":{"rendered":"<p class=\"has-text-color has-link-color has-medium-font-size wp-elements-98afc53596689f3e9c4bbeb7ea37aab8\"><strong>Quel est votre parcours ?<\/strong><\/p>\n<p>Apr\u00e8s le bac, j\u2019ai quitt\u00e9 l\u2019\u00e9cole pour construire une carri\u00e8re sportive \u00e0 haut niveau. J\u2019ai obtenu<br \/>rapidement un CDI dans un supermarch\u00e9, me permettant de m\u2019entra\u00eener quotidiennement. Gr\u00e2ce<br \/>\u00e0 mes performances, mon employeur m\u2019a propos\u00e9 un CIP (Contrat d\u2019Insertion Professionnelle) \u00e0<br \/>temps partiel. Apr\u00e8s un d\u00e9m\u00e9nagement, j\u2019ai obtenu un poste de facteur \u00e0 La Poste gr\u00e2ce \u00e0 Yohann<br \/>Diniz, marcheur professionnel. De 2014 \u00e0 2017, j\u2019ai travaill\u00e9 \u00e0 mi-temps avec un CIP, mais mes<br \/>performances sportives ont d\u00e9clin\u00e9 et la fatigue s\u2019est accumul\u00e9e. Lors d\u2019une soir\u00e9e au si\u00e8ge de La<br \/>Poste pour c\u00e9l\u00e9brer la victoire de Yohann Diniz aux championnats du monde \u00e0 Londres, j\u2019ai rencontr\u00e9<br \/>Philippe Wahl et M. Dorge, qui m\u2019ont accord\u00e9 un CIP \u00e0 plein temps en voyant ma d\u00e9termination \u00e0<br \/>am\u00e9liorer mes performances. C\u2019est \u00e0 ce moment-l\u00e0 que ma carri\u00e8re a d\u00e9coll\u00e9.<\/p>\n<p class=\"has-text-color has-link-color has-medium-font-size wp-elements-fcb98e2df8b2179478ba123558c02f91\"><strong>Pensez-vous que le sport a un impact sur la productivit\u00e9 et le stress au travail ?<\/strong><\/p>\n<p>En tant qu\u2019athl\u00e8te, la pression pour des performances constantes est omnipr\u00e9sente. Quand les<br \/>r\u00e9sultats d\u00e9\u00e7oivent, la peur est normale. Pourtant, le stress devient un moteur pour am\u00e9liorer<br \/>constamment la performance, en maintenant la concentration. Gr\u00e2ce \u00e0 mon exp\u00e9rience sportive,<br \/>tenir la distance et la productivit\u00e9, m\u00eame sur une longue tourn\u00e9e, n\u2019\u00e9tait pas un probl\u00e8me. Chaque<br \/>t\u00e2che est abord\u00e9e avec engagement, malgr\u00e9 la fatigue, par respect pour mes valeurs.<\/p>\n<p class=\"has-text-color has-link-color has-medium-font-size wp-elements-37da7f46b3763b6a9b9b1086aba02078\"><strong>Ressentiez-vous une diff\u00e9rence de performance entre vous et vos coll\u00e8gues du fait que vous pratiquez une activit\u00e9 sportive ?<\/strong><\/p>\n<p>Je n\u2019avais pas l\u2019impression d\u2019\u00eatre meilleur que mes coll\u00e8gues, au contraire je me servais de leur<br \/>exp\u00e9rience et je les conseillais en retour. Cependant, sur une tourn\u00e9e, je marchais forc\u00e9ment plus<br \/>vite, je roulais aussi plus vite \u00e0 v\u00e9lo donc je finissais mon travail plus rapidement. Niveau sant\u00e9, le<br \/>sport est un avantage car je n\u2019ai \u00e9t\u00e9 que tr\u00e8s rarement en arr\u00eat maladie.<\/p>\n<p class=\"has-text-color has-link-color has-medium-font-size wp-elements-61381035962359cb09e9d7c9ae93532d\"><strong>Quelle est votre journ\u00e9e type ?<\/strong><\/p>\n<p class=\"has-text-color has-link-color has-medium-font-size wp-elements-58b884d4e5d943540524fa6e178b984f\"><strong>Que pensez-vous de la d\u00e9mocratisation du sport en entreprise ?<\/strong><\/p>\n<p>Je crois totalement \u00e0 l\u2019am\u00e9lioration des performances au travail gr\u00e2ce au sport. Si on arrive \u00e0 instaurer<br \/>une pause permettant de faire de la mobilit\u00e9 ou des \u00e9chauffements qui \u00e9viteront les troubles<br \/>musculosquelettiques, je suis pour !<\/p>\n<p class=\"has-text-color has-link-color has-medium-font-size wp-elements-f24806963bf4a005d9bd99c157392696\"><strong>Quel r\u00f4le occupe La Poste dans votre vie d\u2019athl\u00e8te ?<\/strong><\/p>\n<p>La Poste a toute sa place dans ma vie d\u2019athl\u00e8te, car sans elle je n\u2019aurai pas de salaire aujourd\u2019hui. C\u2019est<br \/>le partenaire qui m\u2019emploie, qui me fait vivre, qui me permet d\u2019avoir la vie que j\u2019ai. C\u2019est plus qu\u2019un<br \/>accompagnement, c\u2019est ce dont tout athl\u00e8te r\u00eave et j\u2019en suis conscient.<\/p>\n<p class=\"has-text-color has-link-color has-medium-font-size wp-elements-e5040a8bf2ea5aa64ef3901b4b91233f\"><strong>Un conseil pour r\u00e9ussir \u00e0 concilier sport et travail ?<\/strong><\/p>\n<p>Oser ! Donnez-vous le temps, 30 minutes de sport avec une vid\u00e9o Youtube chez soi ou aller prendre<br \/>l\u2019air dehors. Les gens se sentent forc\u00e9ment mieux au travail en ayant une activit\u00e9 \u00e0 c\u00f4t\u00e9.<\/p>\n<p>L\u2019article <a href=\"https:\/\/www.cftcmediaplus.fr\/federation\/interview-de-kevin-campion\/\">INTERVIEW DE KEVIN CAMPION<\/a> est apparu en premier sur <a href=\"https:\/\/www.cftcmediaplus.fr\/\">CFTC Media Plus<\/a>.<\/p>\n","protected":false},"excerpt":{"rendered":"<p>Quel est votre parcours ? Apr\u00e8s le bac, j\u2019ai quitt\u00e9 l\u2019\u00e9cole pour construire une carri\u00e8re sportive \u00e0 haut niveau. J\u2019ai obtenurapidement un CDI dans un supermarch\u00e9, me permettant de m\u2019entra\u00eener quotidiennement. Gr\u00e2ce\u00e0 mes performances, mon employeur m\u2019a propos\u00e9 un CIP (Contrat d\u2019Insertion Professionnelle) \u00e0temps partiel. Apr\u00e8s un d\u00e9m\u00e9nagement, j\u2019ai obtenu un poste de facteur \u00e0 [&hellip;]<\/p>\n","protected":false},"author":0,"featured_media":0,"comment_status":"open","ping_status":"open","sticky":false,"template":"","format":"standard","meta":[],"categories":[1],"tags":[],"_links":{"self":[{"href":"https:\/\/cftc-syntec.fr\/testimport\/wp-json\/wp\/v2\/posts\/4935"}],"collection":[{"href":"https:\/\/cftc-syntec.fr\/testimport\/wp-json\/wp\/v2\/posts"}],"about":[{"href":"https:\/\/cftc-syntec.fr\/testimport\/wp-json\/wp\/v2\/types\/post"}],"replies":[{"embeddable":true,"href":"https:\/\/cftc-syntec.fr\/testimport\/wp-json\/wp\/v2\/comments?post=4935"}],"version-history":[{"count":0,"href":"https:\/\/cftc-syntec.fr\/testimport\/wp-json\/wp\/v2\/posts\/4935\/revisions"}],"wp:attachment":[{"href":"https:\/\/cftc-syntec.fr\/testimport\/wp-json\/wp\/v2\/media?parent=4935"}],"wp:term":[{"taxonomy":"category","embeddable":true,"href":"https:\/\/cftc-syntec.fr\/testimport\/wp-json\/wp\/v2\/categories?post=4935"},{"taxonomy":"post_tag","embeddable":true,"href":"https:\/\/cftc-syntec.fr\/testimport\/wp-json\/wp\/v2\/tags?post=4935"}],"curies":[{"name":"wp","href":"https:\/\/api.w.org\/{rel}","templated":true}]}}