{"id":4941,"date":"2024-07-15T16:24:07","date_gmt":"2024-07-15T14:24:07","guid":{"rendered":"https:\/\/cftc-syntec.fr\/testimport\/barometre-absenteisme-2024-les-tpe-et-pme-plus-que-jamais-concernees\/"},"modified":"2024-07-15T16:24:07","modified_gmt":"2024-07-15T14:24:07","slug":"barometre-absenteisme-2024-les-tpe-et-pme-plus-que-jamais-concernees","status":"publish","type":"post","link":"https:\/\/cftc-syntec.fr\/testimport\/barometre-absenteisme-2024-les-tpe-et-pme-plus-que-jamais-concernees\/","title":{"rendered":"Barom\u00e8tre Absent\u00e9isme 2024 : Les TPE et PME plus que jamais concern\u00e9es"},"content":{"rendered":"<p>Cet article <a href=\"https:\/\/www.cftc.fr\/non-categorise\/barometre-absenteisme-2024-les-tpe-et-pme-plus-que-jamais-concernees\">Barom\u00e8tre Absent\u00e9isme 2024 : Les TPE et PME plus que jamais concern\u00e9es<\/a> est apparu en premier sur <a href=\"https:\/\/www.cftc.fr\/\">CFTC<\/a>.<\/p>\n","protected":false},"excerpt":{"rendered":"<p>Cet article Barom\u00e8tre Absent\u00e9isme 2024 : Les TPE et PME plus que jamais concern\u00e9es est apparu en premier sur CFTC.<\/p>\n","protected":false},"author":0,"featured_media":0,"comment_status":"open","ping_status":"open","sticky":false,"template":"","format":"standard","meta":[],"categories":[1],"tags":[],"_links":{"self":[{"href":"https:\/\/cftc-syntec.fr\/testimport\/wp-json\/wp\/v2\/posts\/4941"}],"collection":[{"href":"https:\/\/cftc-syntec.fr\/testimport\/wp-json\/wp\/v2\/posts"}],"about":[{"href":"https:\/\/cftc-syntec.fr\/testimport\/wp-json\/wp\/v2\/types\/post"}],"replies":[{"embeddable":true,"href":"https:\/\/cftc-syntec.fr\/testimport\/wp-json\/wp\/v2\/comments?post=4941"}],"version-history":[{"count":0,"href":"https:\/\/cftc-syntec.fr\/testimport\/wp-json\/wp\/v2\/posts\/4941\/revisions"}],"wp:attachment":[{"href":"https:\/\/cftc-syntec.fr\/testimport\/wp-json\/wp\/v2\/media?parent=4941"}],"wp:term":[{"taxonomy":"category","embeddable":true,"href":"https:\/\/cftc-syntec.fr\/testimport\/wp-json\/wp\/v2\/categories?post=4941"},{"taxonomy":"post_tag","embeddable":true,"href":"https:\/\/cftc-syntec.fr\/testimport\/wp-json\/wp\/v2\/tags?post=4941"}],"curies":[{"name":"wp","href":"https:\/\/api.w.org\/{rel}","templated":true}]}}