{"id":4944,"date":"2024-07-23T14:11:13","date_gmt":"2024-07-23T12:11:13","guid":{"rendered":"https:\/\/cftc-syntec.fr\/testimport\/jo-2024-la-cftc-demande-une-prime-pour-les-agents-de-securite-privee\/"},"modified":"2024-07-23T14:11:13","modified_gmt":"2024-07-23T12:11:13","slug":"jo-2024-la-cftc-demande-une-prime-pour-les-agents-de-securite-privee","status":"publish","type":"post","link":"https:\/\/cftc-syntec.fr\/testimport\/jo-2024-la-cftc-demande-une-prime-pour-les-agents-de-securite-privee\/","title":{"rendered":"JO 2024 : la CFTC demande une prime pour les agents de s\u00e9curit\u00e9 priv\u00e9e"},"content":{"rendered":"<p>Cet article <a href=\"https:\/\/www.cftc.fr\/actualites\/jo-2024-la-cftc-demande-une-prime-pour-les-agents-de-securite\">JO 2024 : la CFTC demande une prime pour les agents de s\u00e9curit\u00e9 priv\u00e9e<\/a> est apparu en premier sur <a href=\"https:\/\/www.cftc.fr\/\">CFTC<\/a>.<\/p>\n","protected":false},"excerpt":{"rendered":"<p>Cet article JO 2024 : la CFTC demande une prime pour les agents de s\u00e9curit\u00e9 priv\u00e9e est apparu en premier sur CFTC.<\/p>\n","protected":false},"author":0,"featured_media":0,"comment_status":"open","ping_status":"open","sticky":false,"template":"","format":"standard","meta":[],"categories":[1],"tags":[],"_links":{"self":[{"href":"https:\/\/cftc-syntec.fr\/testimport\/wp-json\/wp\/v2\/posts\/4944"}],"collection":[{"href":"https:\/\/cftc-syntec.fr\/testimport\/wp-json\/wp\/v2\/posts"}],"about":[{"href":"https:\/\/cftc-syntec.fr\/testimport\/wp-json\/wp\/v2\/types\/post"}],"replies":[{"embeddable":true,"href":"https:\/\/cftc-syntec.fr\/testimport\/wp-json\/wp\/v2\/comments?post=4944"}],"version-history":[{"count":0,"href":"https:\/\/cftc-syntec.fr\/testimport\/wp-json\/wp\/v2\/posts\/4944\/revisions"}],"wp:attachment":[{"href":"https:\/\/cftc-syntec.fr\/testimport\/wp-json\/wp\/v2\/media?parent=4944"}],"wp:term":[{"taxonomy":"category","embeddable":true,"href":"https:\/\/cftc-syntec.fr\/testimport\/wp-json\/wp\/v2\/categories?post=4944"},{"taxonomy":"post_tag","embeddable":true,"href":"https:\/\/cftc-syntec.fr\/testimport\/wp-json\/wp\/v2\/tags?post=4944"}],"curies":[{"name":"wp","href":"https:\/\/api.w.org\/{rel}","templated":true}]}}