{"id":4982,"date":"2024-10-18T06:34:13","date_gmt":"2024-10-18T04:34:13","guid":{"rendered":"https:\/\/cftc-syntec.fr\/testimport\/reduction-du-deficit-public-avant-de-depenser-moins-depensons-mieux\/"},"modified":"2024-10-18T06:34:13","modified_gmt":"2024-10-18T04:34:13","slug":"reduction-du-deficit-public-avant-de-depenser-moins-depensons-mieux","status":"publish","type":"post","link":"https:\/\/cftc-syntec.fr\/testimport\/reduction-du-deficit-public-avant-de-depenser-moins-depensons-mieux\/","title":{"rendered":"R\u00e9duction du d\u00e9ficit public : avant de d\u00e9penser moins, d\u00e9pensons mieux!"},"content":{"rendered":"<p>Cet article <a href=\"https:\/\/www.cftc.fr\/actualites\/reduction-du-deficit-public-avant-de-depenser-moins-depensons-mieux\">R\u00e9duction du d\u00e9ficit public : avant de d\u00e9penser moins, d\u00e9pensons mieux!<\/a> est apparu en premier sur <a href=\"https:\/\/www.cftc.fr\/\">CFTC<\/a>.<\/p>\n","protected":false},"excerpt":{"rendered":"<p>Cet article R\u00e9duction du d\u00e9ficit public : avant de d\u00e9penser moins, d\u00e9pensons mieux! est apparu en premier sur CFTC.<\/p>\n","protected":false},"author":0,"featured_media":0,"comment_status":"open","ping_status":"open","sticky":false,"template":"","format":"standard","meta":[],"categories":[1],"tags":[],"_links":{"self":[{"href":"https:\/\/cftc-syntec.fr\/testimport\/wp-json\/wp\/v2\/posts\/4982"}],"collection":[{"href":"https:\/\/cftc-syntec.fr\/testimport\/wp-json\/wp\/v2\/posts"}],"about":[{"href":"https:\/\/cftc-syntec.fr\/testimport\/wp-json\/wp\/v2\/types\/post"}],"replies":[{"embeddable":true,"href":"https:\/\/cftc-syntec.fr\/testimport\/wp-json\/wp\/v2\/comments?post=4982"}],"version-history":[{"count":0,"href":"https:\/\/cftc-syntec.fr\/testimport\/wp-json\/wp\/v2\/posts\/4982\/revisions"}],"wp:attachment":[{"href":"https:\/\/cftc-syntec.fr\/testimport\/wp-json\/wp\/v2\/media?parent=4982"}],"wp:term":[{"taxonomy":"category","embeddable":true,"href":"https:\/\/cftc-syntec.fr\/testimport\/wp-json\/wp\/v2\/categories?post=4982"},{"taxonomy":"post_tag","embeddable":true,"href":"https:\/\/cftc-syntec.fr\/testimport\/wp-json\/wp\/v2\/tags?post=4982"}],"curies":[{"name":"wp","href":"https:\/\/api.w.org\/{rel}","templated":true}]}}