{"id":4992,"date":"2024-11-20T14:35:27","date_gmt":"2024-11-20T13:35:27","guid":{"rendered":"https:\/\/cftc-syntec.fr\/testimport\/a-rebours-des-idees-recues-agriculture-emploi-et-handicap-sont-compatibles\/"},"modified":"2024-11-20T14:35:27","modified_gmt":"2024-11-20T13:35:27","slug":"a-rebours-des-idees-recues-agriculture-emploi-et-handicap-sont-compatibles","status":"publish","type":"post","link":"https:\/\/cftc-syntec.fr\/testimport\/a-rebours-des-idees-recues-agriculture-emploi-et-handicap-sont-compatibles\/","title":{"rendered":"\u00ab \u00c0 rebours des id\u00e9es re\u00e7ues, agriculture, emploi et handicap sont compatibles \u00bb"},"content":{"rendered":"<p>Cet article <a href=\"https:\/\/www.cftc.fr\/actualites\/a-rebours-des-idees-recues-agriculture-emploi-et-handicap-sont-compatibles\">\u00ab \u00c0 rebours des id\u00e9es re\u00e7ues, agriculture, emploi et handicap sont compatibles \u00bb<\/a> est apparu en premier sur <a href=\"https:\/\/www.cftc.fr\/\">CFTC<\/a>.<\/p>\n","protected":false},"excerpt":{"rendered":"<p>Cet article \u00ab \u00c0 rebours des id\u00e9es re\u00e7ues, agriculture, emploi et handicap sont compatibles \u00bb est apparu en premier sur CFTC.<\/p>\n","protected":false},"author":0,"featured_media":0,"comment_status":"open","ping_status":"open","sticky":false,"template":"","format":"standard","meta":[],"categories":[1],"tags":[],"_links":{"self":[{"href":"https:\/\/cftc-syntec.fr\/testimport\/wp-json\/wp\/v2\/posts\/4992"}],"collection":[{"href":"https:\/\/cftc-syntec.fr\/testimport\/wp-json\/wp\/v2\/posts"}],"about":[{"href":"https:\/\/cftc-syntec.fr\/testimport\/wp-json\/wp\/v2\/types\/post"}],"replies":[{"embeddable":true,"href":"https:\/\/cftc-syntec.fr\/testimport\/wp-json\/wp\/v2\/comments?post=4992"}],"version-history":[{"count":0,"href":"https:\/\/cftc-syntec.fr\/testimport\/wp-json\/wp\/v2\/posts\/4992\/revisions"}],"wp:attachment":[{"href":"https:\/\/cftc-syntec.fr\/testimport\/wp-json\/wp\/v2\/media?parent=4992"}],"wp:term":[{"taxonomy":"category","embeddable":true,"href":"https:\/\/cftc-syntec.fr\/testimport\/wp-json\/wp\/v2\/categories?post=4992"},{"taxonomy":"post_tag","embeddable":true,"href":"https:\/\/cftc-syntec.fr\/testimport\/wp-json\/wp\/v2\/tags?post=4992"}],"curies":[{"name":"wp","href":"https:\/\/api.w.org\/{rel}","templated":true}]}}