{"id":4997,"date":"2024-12-02T16:37:50","date_gmt":"2024-12-02T15:37:50","guid":{"rendered":"https:\/\/cftc-syntec.fr\/testimport\/commission-jeune-media-2024\/"},"modified":"2024-12-02T16:37:50","modified_gmt":"2024-12-02T15:37:50","slug":"commission-jeune-media-2024","status":"publish","type":"post","link":"https:\/\/cftc-syntec.fr\/testimport\/commission-jeune-media-2024\/","title":{"rendered":"Commission Jeune Media+ 2024"},"content":{"rendered":"<p>\u00c0 l\u2019occasion du renouvellement de notre Commission Jeune, nos jeunes adh\u00e9rents se sont rassembl\u00e9s les 6 et 7 novembre \u00e0 Paris. Cet \u00e9v\u00e9nement a \u00e9t\u00e9 une opportunit\u00e9 pour eux de se rencontrer, d\u2019\u00e9changer et de partager leurs id\u00e9es sur des th\u00e9matiques qui les concernent directement. Ils ont \u00e9galement pu profiter de moments de d\u00e9tente, avec une soir\u00e9e festive et un rallye \u00e0 travers les passages couverts parisiens.<\/p>\n<p>L\u2019\u00e9v\u00e9nement s\u2019est cl\u00f4tur\u00e9 avec l\u2019annonce de la nouvelle commission jeune 2024.<\/p>\n<p>Les membres sont les suivants\u00a0:<\/p>\n<p>Agathe Melet : repr\u00e9sentante<br \/>\nLazare Olivry : suppl\u00e9ant<br \/>\nWernher Charlotte<br \/>\nFranck Leroy<br \/>\nLorenzini Mikael<br \/>\nGezelin Marie Fabienne<br \/>\nMande Marlon<br \/>\nLutz Antoine<br \/>\nGyan Salina<br \/>\nDjahra Khaled<\/p>\n<p>Les repr\u00e9sentants de la Commission Jeune sont Agathe Melet, titulaire et Lazare Olivry, suppl\u00e9ant.<\/p>\n<p>Nous tenons \u00e0 remercier les participants pour leur implication, et la nouvelle commission jeune, pour leur engagement et leur contribution \u00e0 venir.<\/p>\n<p>L\u2019article <a href=\"https:\/\/www.cftcmediaplus.fr\/federation\/commission-jeune-media-2024\/\">Commission Jeune Media+ 2024<\/a> est apparu en premier sur <a href=\"https:\/\/www.cftcmediaplus.fr\/\">CFTC Media Plus<\/a>.<\/p>\n","protected":false},"excerpt":{"rendered":"<p>\u00c0 l\u2019occasion du renouvellement de notre Commission Jeune, nos jeunes adh\u00e9rents se sont rassembl\u00e9s les 6 et 7 novembre \u00e0 Paris. Cet \u00e9v\u00e9nement a \u00e9t\u00e9 une opportunit\u00e9 pour eux de se rencontrer, d\u2019\u00e9changer et de partager leurs id\u00e9es sur des th\u00e9matiques qui les concernent directement. Ils ont \u00e9galement pu profiter de moments de d\u00e9tente, avec [&hellip;]<\/p>\n","protected":false},"author":0,"featured_media":0,"comment_status":"open","ping_status":"open","sticky":false,"template":"","format":"standard","meta":[],"categories":[1],"tags":[],"_links":{"self":[{"href":"https:\/\/cftc-syntec.fr\/testimport\/wp-json\/wp\/v2\/posts\/4997"}],"collection":[{"href":"https:\/\/cftc-syntec.fr\/testimport\/wp-json\/wp\/v2\/posts"}],"about":[{"href":"https:\/\/cftc-syntec.fr\/testimport\/wp-json\/wp\/v2\/types\/post"}],"replies":[{"embeddable":true,"href":"https:\/\/cftc-syntec.fr\/testimport\/wp-json\/wp\/v2\/comments?post=4997"}],"version-history":[{"count":0,"href":"https:\/\/cftc-syntec.fr\/testimport\/wp-json\/wp\/v2\/posts\/4997\/revisions"}],"wp:attachment":[{"href":"https:\/\/cftc-syntec.fr\/testimport\/wp-json\/wp\/v2\/media?parent=4997"}],"wp:term":[{"taxonomy":"category","embeddable":true,"href":"https:\/\/cftc-syntec.fr\/testimport\/wp-json\/wp\/v2\/categories?post=4997"},{"taxonomy":"post_tag","embeddable":true,"href":"https:\/\/cftc-syntec.fr\/testimport\/wp-json\/wp\/v2\/tags?post=4997"}],"curies":[{"name":"wp","href":"https:\/\/api.w.org\/{rel}","templated":true}]}}