{"id":4999,"date":"2024-12-02T16:37:50","date_gmt":"2024-12-02T15:37:50","guid":{"rendered":"https:\/\/cftc-syntec.fr\/testimport\/colis-prime-challenge-2023-2024\/"},"modified":"2024-12-02T16:37:50","modified_gmt":"2024-12-02T15:37:50","slug":"colis-prime-challenge-2023-2024","status":"publish","type":"post","link":"https:\/\/cftc-syntec.fr\/testimport\/colis-prime-challenge-2023-2024\/","title":{"rendered":"COLIS PRIME CHALLENGE 2023-2024"},"content":{"rendered":"<p><span><strong>ACCORD MAJOR\u00c9 PEAK-PERIOD 2023 ET 2024<\/strong><\/span><\/p>\n<p>L\u2019accord sign\u00e9 en octobre 2023 s\u2019applique pour une dur\u00e9e de 2 ans. Il permet aux Colipostiers pr\u00e9sents en service de toucher les primes de fin d\u2019ann\u00e9e, appel\u00e9es primes Challenge (sous r\u00e9serve d\u2019atteinte des objectifs).<\/p>\n<p><strong>La CFTC a privil\u00e9gi\u00e9 le dialogue et la n\u00e9gociation et a obtenu\u00a0:<\/strong><\/p>\n<p>L\u2019augmentation de la prime Challenge pour la p\u00e9riode 2023-2024, revaloris\u00e9e \u00e0 hauteur de 700 \u20ac.<br \/>\nLe maintien des 4 phases pour limiter l\u2019impact financier des absences \u00e9ventuelles. Cela permet aux agents de toucher un montant sup\u00e9rieur aux ann\u00e9es pr\u00e9c\u00e9dentes, \u00e0 la fois sur novembre et d\u00e9cembre.<\/p>\n<p><span><strong>D\u00c9COUPAGE DE LA P\u00c9RIODE 2024<\/strong><\/span><\/p>\n<\/p>\n<p><span><strong>L<\/strong><\/span><span><strong>es essentiels\u00a0:<\/strong><\/span><\/p>\n<p><strong>Augmentation de la prime sur novembre et d\u00e9cembre.<\/strong><br \/>\n<strong>Maintien des 4 phases de d\u00e9coupage \u00e0 la suite de l\u2019allongement de la p\u00e9riode de novembre.<\/strong><br \/>\n<strong>Des renforts en personnel recrut\u00e9s par anticipation.<\/strong><br \/>\n<strong>Une organisation qui encourage la fid\u00e9lisation du personnel (surtout la force de travail variable).<\/strong><br \/>\n<strong>Des moyens de remplacement pour assurer l\u2019octroi des cong\u00e9s apr\u00e8s No\u00ebl.<\/strong><br \/>\n<strong>Accorder le maximum de cong\u00e9s entre le 26 d\u00e9cembre et le 3 janvier 2025.<\/strong><\/p>\n<p><span>LA CFTC SE BAT POUR LA RECONNAISSANCE DU TRAVAIL ET LA D<strong>\u00c9FENSE DU POUVOR D\u2019ACHAT\u00a0 DES COLIPOSTIERS !<\/strong><\/span><\/p>\n<p><strong>\u00a0<\/strong><\/p>\n<p>L\u2019article <a href=\"https:\/\/www.cftcmediaplus.fr\/postes\/colis-prime-challenge-2023-2024\/\">COLIS PRIME CHALLENGE 2023-2024<\/a> est apparu en premier sur <a href=\"https:\/\/www.cftcmediaplus.fr\/\">CFTC Media Plus<\/a>.<\/p>\n","protected":false},"excerpt":{"rendered":"<p>ACCORD MAJOR\u00c9 PEAK-PERIOD 2023 ET 2024 L\u2019accord sign\u00e9 en octobre 2023 s\u2019applique pour une dur\u00e9e de 2 ans. Il permet aux Colipostiers pr\u00e9sents en service de toucher les primes de fin d\u2019ann\u00e9e, appel\u00e9es primes Challenge (sous r\u00e9serve d\u2019atteinte des objectifs). La CFTC a privil\u00e9gi\u00e9 le dialogue et la n\u00e9gociation et a obtenu\u00a0: L\u2019augmentation de la [&hellip;]<\/p>\n","protected":false},"author":0,"featured_media":0,"comment_status":"open","ping_status":"open","sticky":false,"template":"","format":"standard","meta":[],"categories":[1],"tags":[],"_links":{"self":[{"href":"https:\/\/cftc-syntec.fr\/testimport\/wp-json\/wp\/v2\/posts\/4999"}],"collection":[{"href":"https:\/\/cftc-syntec.fr\/testimport\/wp-json\/wp\/v2\/posts"}],"about":[{"href":"https:\/\/cftc-syntec.fr\/testimport\/wp-json\/wp\/v2\/types\/post"}],"replies":[{"embeddable":true,"href":"https:\/\/cftc-syntec.fr\/testimport\/wp-json\/wp\/v2\/comments?post=4999"}],"version-history":[{"count":0,"href":"https:\/\/cftc-syntec.fr\/testimport\/wp-json\/wp\/v2\/posts\/4999\/revisions"}],"wp:attachment":[{"href":"https:\/\/cftc-syntec.fr\/testimport\/wp-json\/wp\/v2\/media?parent=4999"}],"wp:term":[{"taxonomy":"category","embeddable":true,"href":"https:\/\/cftc-syntec.fr\/testimport\/wp-json\/wp\/v2\/categories?post=4999"},{"taxonomy":"post_tag","embeddable":true,"href":"https:\/\/cftc-syntec.fr\/testimport\/wp-json\/wp\/v2\/tags?post=4999"}],"curies":[{"name":"wp","href":"https:\/\/api.w.org\/{rel}","templated":true}]}}