{"id":5000,"date":"2024-12-02T16:37:50","date_gmt":"2024-12-02T15:37:50","guid":{"rendered":"https:\/\/cftc-syntec.fr\/testimport\/formation-professionnelle-des-financements-qui-se-reduisent\/"},"modified":"2024-12-02T16:37:50","modified_gmt":"2024-12-02T15:37:50","slug":"formation-professionnelle-des-financements-qui-se-reduisent","status":"publish","type":"post","link":"https:\/\/cftc-syntec.fr\/testimport\/formation-professionnelle-des-financements-qui-se-reduisent\/","title":{"rendered":"FORMATION  PROFESSIONNELLE  DES FINANCEMENTS QUI SE R\u00c9DUISENT"},"content":{"rendered":"<p><strong>La gouvernance de la formation professionnelle est assur\u00e9e par France Comp\u00e9tence qui collecte et r\u00e9partit entre les op\u00e9rateurs de comp\u00e9tence les fonds financiers destin\u00e9s \u00e0 la formation professionnelle.<\/strong><\/p>\n<p>Pour financer les diff\u00e9rentes actions en faveur de la formation professionnelle, il existe deux types de collecte :<\/p>\n<p>\u2022 La contribution obligatoire des entreprises, qui repr\u00e9sente 0,55 % de la masse salariale pour les entreprises de moins de 11 salari\u00e9s, et 1 % pour les autres, avec des particularit\u00e9s pour les entreprises de travail temporaire (1,3 %) et les employeurs d\u2019intermittents du spectacle (2 %).<br \/>\n\u2022 Les subventions, principalement vers\u00e9es par l\u2019\u00c9tat, telles que le FNE-Formation, la Pr\u00e9paration Op\u00e9rationnelle \u00e0 l\u2019Emploi Collective (POEC), et des participations aux Engagements de D\u00e9veloppement de l\u2019Emploi et des Comp\u00e9tences (EDEC).<\/p>\n<p>\u00c0 cela, s\u2019ajoute le plan de d\u00e9veloppement des comp\u00e9tences des entreprises de plus de 11 salari\u00e9s, dont le budget et la r\u00e9alisation sont, depuis la loi du 5\u202fseptembre 2018, de la responsabilit\u00e9 des entreprises.<\/p>\n<p>Le <strong>FNE-Formation<\/strong> (Fonds National pour l\u2019Emploi), qui a b\u00e9n\u00e9fici\u00e9 de moyens importants dans le cadre du plan de relance \u00e0 la suite de la crise sanitaire du Covid-19, vise \u00e0 accompagner les entreprises face aux mutations \u00e9conomiques. Il finance des actions de formation contribuant \u00e0 la pr\u00e9servation et au d\u00e9veloppement des comp\u00e9tences de leurs salari\u00e9s.<\/p>\n<p>Les actions de formation financ\u00e9es par le FNE-Formation doivent cependant respecter certains crit\u00e8res. Depuis 2023, seules les formations portant sur les th\u00e9matiques de la transition \u00e9cologique, de la transition alimentaire et agricole, de la transition num\u00e9rique et des grands \u00e9v\u00e9nements sportifs peuvent pr\u00e9tendre \u00e0 une subvention FNE-Formation.<\/p>\n<p><strong>Des coupes drastiques dans le budget du FNE<\/strong><\/p>\n<p>Depuis la crise sanitaire, le FNE-Formation est devenu une ressource cl\u00e9 pour la formation professionnelle. <br \/>\nEn 2023, l\u2019AFDAS a re\u00e7u 20 millions d\u2019euros pour soutenir les entreprises de ses branches, dont les t\u00e9l\u00e9coms et l\u2019audiovisuel. Cependant, en 2024, le gouvernement a r\u00e9duit ce budget \u00e0 seulement 5 millions d\u2019euros, suscitant de vives inqui\u00e9tudes au sein de l\u2019AFDAS. Cette d\u00e9cision, qui semble en d\u00e9calage avec les priorit\u00e9s affich\u00e9es par l\u2019\u00c9tat, inqui\u00e8te particuli\u00e8rement les branches T\u00e9l\u00e9com et Audiovisuel, privant l\u2019AFDAS des fonds n\u00e9cessaires pour des formations cruciales, notamment en intelligence artificielle.<\/p>\n<p><strong>Inqui\u00e9tudes sur le financement de l\u2019EDEC en phase de signature<\/strong><\/p>\n<p>Le conseil d\u2019administration de l\u2019AFDAS, incluant vos trois repr\u00e9sentants CFTC Media+ et ceux des entreprises de nos secteurs, d\u00e9plore l\u2019incoh\u00e9rence entre les ambitions de l\u2019\u00c9tat et les moyens financiers des op\u00e9rateurs de comp\u00e9tence. Un nouvel EDEC intersectoriel est en cours de signature, couvrant toutes les branches AFDAS, avec pour objectif d\u2019adapter les comp\u00e9tences, accompagner la transition \u00e9cologique et s\u00e9curiser les parcours professionnels. <br \/>\nD\u2019un montant total de 2,88 millions d\u2019euros, financ\u00e9 \u00e0 parts \u00e9gales par le minist\u00e8re du Travail et l\u2019AFDAS, ce projet pourrait \u00eatre frein\u00e9 par la r\u00e9duction du budget du FNE-Formation. Nos secteurs devront une fois de plus composer avec cette contradiction.<\/p>\n<p>L\u2019article <a href=\"https:\/\/www.cftcmediaplus.fr\/federation\/formation-professionnelle-des-financements-qui-se-reduisent\/\">FORMATION  PROFESSIONNELLE  DES FINANCEMENTS QUI SE R\u00c9DUISENT<\/a> est apparu en premier sur <a href=\"https:\/\/www.cftcmediaplus.fr\/\">CFTC Media Plus<\/a>.<\/p>\n","protected":false},"excerpt":{"rendered":"<p>La gouvernance de la formation professionnelle est assur\u00e9e par France Comp\u00e9tence qui collecte et r\u00e9partit entre les op\u00e9rateurs de comp\u00e9tence les fonds financiers destin\u00e9s \u00e0 la formation professionnelle. Pour financer les diff\u00e9rentes actions en faveur de la formation professionnelle, il existe deux types de collecte : \u2022 La contribution obligatoire des entreprises, qui repr\u00e9sente 0,55 [&hellip;]<\/p>\n","protected":false},"author":0,"featured_media":0,"comment_status":"open","ping_status":"open","sticky":false,"template":"","format":"standard","meta":[],"categories":[1],"tags":[],"_links":{"self":[{"href":"https:\/\/cftc-syntec.fr\/testimport\/wp-json\/wp\/v2\/posts\/5000"}],"collection":[{"href":"https:\/\/cftc-syntec.fr\/testimport\/wp-json\/wp\/v2\/posts"}],"about":[{"href":"https:\/\/cftc-syntec.fr\/testimport\/wp-json\/wp\/v2\/types\/post"}],"replies":[{"embeddable":true,"href":"https:\/\/cftc-syntec.fr\/testimport\/wp-json\/wp\/v2\/comments?post=5000"}],"version-history":[{"count":0,"href":"https:\/\/cftc-syntec.fr\/testimport\/wp-json\/wp\/v2\/posts\/5000\/revisions"}],"wp:attachment":[{"href":"https:\/\/cftc-syntec.fr\/testimport\/wp-json\/wp\/v2\/media?parent=5000"}],"wp:term":[{"taxonomy":"category","embeddable":true,"href":"https:\/\/cftc-syntec.fr\/testimport\/wp-json\/wp\/v2\/categories?post=5000"},{"taxonomy":"post_tag","embeddable":true,"href":"https:\/\/cftc-syntec.fr\/testimport\/wp-json\/wp\/v2\/tags?post=5000"}],"curies":[{"name":"wp","href":"https:\/\/api.w.org\/{rel}","templated":true}]}}