{"id":5001,"date":"2024-12-02T16:37:50","date_gmt":"2024-12-02T15:37:50","guid":{"rendered":"https:\/\/cftc-syntec.fr\/testimport\/les-assemblees-generales-de-juin-a-aout\/"},"modified":"2024-12-02T16:37:50","modified_gmt":"2024-12-02T15:37:50","slug":"les-assemblees-generales-de-juin-a-aout","status":"publish","type":"post","link":"https:\/\/cftc-syntec.fr\/testimport\/les-assemblees-generales-de-juin-a-aout\/","title":{"rendered":"LES ASSEMBL\u00c9ES  G\u00c9N\u00c9RALES  DE JUIN \u00c0 AO\u00dbT"},"content":{"rendered":"<p><strong>Retour sur les trois assembl\u00e9es g\u00e9n\u00e9rales CFTC qui se sont tenues ces derniers mois \u00e0 Tours, Albi et Haguenau.<\/strong><\/p>\n<p><strong>Assembl\u00e9 g\u00e9n\u00e9rale SNPPELAC<\/strong><\/p>\n<p>L\u2019assembl\u00e9e g\u00e9n\u00e9rale de fusion du syndicat National des Personnels de l\u2019\u00c9dition, de la Librairie et des Activit\u00e9s Connexes avec le syndicat des Papetiers du Bas-Rhin et avec le syndicat de la Communication des Vosges a eu lieu le 27 juin \u00e0 Tours. <br \/>\nThierry Patenne, secr\u00e9taire g\u00e9n\u00e9ral, \u00e9tait pr\u00e9sent. Le nouveau syndicat s\u2019intitule syndicat National des Personnels du Papier-carton, de l\u2019\u00c9dition, de la Librairie et des Activit\u00e9s Connexes.<\/p>\n<p>Cette nouvelle structure permettra de couvrir tous les adh\u00e9rents du secteur du papier-carton et de donner une impulsion au d\u00e9veloppement de la CFTC dans les <br \/>\nbranches professionnelles qui lui sont affect\u00e9es.<\/p>\n<p>De nouveaux statuts ont \u00e9t\u00e9 adopt\u00e9s et un Conseil a \u00e9t\u00e9 \u00e9lu dans une atmosph\u00e8re studieuse et constructive. L\u2019\u00e9quipe \u00e9lue est compos\u00e9e de Patrick Charpentier, pr\u00e9sident ; Johann Decoux secr\u00e9taire g\u00e9n\u00e9ral ; Vincent Broutin, tr\u00e9sorier ; Lionel Fritsch, vice-pr\u00e9sident ; Thierry Guiot secr\u00e9taire g\u00e9n\u00e9ral adjoint et Karl David, tr\u00e9sorier adjoint.<\/p>\n<p>La F\u00e9d\u00e9ration se f\u00e9licite de cette fusion et souhaite pleine r\u00e9ussite \u00e0 la nouvelle \u00e9quipe dirigeante. Le SNPPELAC peut compter sur le soutien de la F\u00e9d\u00e9ration.<\/p>\n<\/p>\n<p><strong>Assembl\u00e9 g\u00e9n\u00e9rale Postes-T\u00e9l\u00e9coms Midi Pyr\u00e9n\u00e9es<\/strong><\/p>\n<p>L\u2019assembl\u00e9e g\u00e9n\u00e9rale du syndicat des Postes et T\u00e9l\u00e9communications Midi-Pyr\u00e9n\u00e9es a eu lieu le 20 juin \u00e0 Albi. La pr\u00e9sidente f\u00e9d\u00e9rale, Anne Chatain, \u00e9tait pr\u00e9sente. Les statuts modifi\u00e9s ont \u00e9t\u00e9 adopt\u00e9s. La nouvelle \u00e9quipe \u00e9lue se compose de Jos\u00e9 Alonso, pr\u00e9sident ; Sabrina Cigaina, secr\u00e9taire g\u00e9n\u00e9rale ; Sophie Maurel, tr\u00e9sori\u00e8re.<\/p>\n<p>La F\u00e9d\u00e9ration f\u00e9licite les \u00e9lus et remercie la nouvelle \u00e9quipe pour son engagement pour la CFTC.<\/p>\n<\/p>\n<p><strong>Assembl\u00e9 g\u00e9n\u00e9rale Postes-T\u00e9l\u00e9coms du Bas Rhin<\/strong><\/p>\n<p>L\u2019assembl\u00e9e g\u00e9n\u00e9rale du syndicat des Postes et T\u00e9l\u00e9communications du Bas-Rhin a eu lieu le 30 ao\u00fbt \u00e0 Haguenau en pr\u00e9sence du secr\u00e9taire g\u00e9n\u00e9ral de la F\u00e9d\u00e9ration, Thierry Patenne.<\/p>\n<p>Plus de 50 adh\u00e9rents et de nombreux invit\u00e9s ont activement particip\u00e9 \u00e0 cette assembl\u00e9e g\u00e9n\u00e9rale parfaitement organis\u00e9e. Une mise \u00e0 jour des statuts a \u00e9t\u00e9 adopt\u00e9e. Les rapports d\u2019activit\u00e9 et financier ont \u00e9t\u00e9 vot\u00e9s. Virginie Noga et Sylvie Marceau ont \u00e9t\u00e9 respectivement reconduites comme pr\u00e9sidente et secr\u00e9taire g\u00e9n\u00e9rale du syndicat. C\u00e9dric Ayadi est le <br \/>\nnouveau tr\u00e9sorier.<\/p>\n<p>La F\u00e9d\u00e9ration f\u00e9licite les \u00e9lus et souhaite \u00e0 la nouvelle \u00e9quipe de poursuivre son d\u00e9veloppement exemplaire.<\/p>\n<p>L\u2019article <a href=\"https:\/\/www.cftcmediaplus.fr\/federation\/les-assemblees-generales-de-juin-a-aout\/\">LES ASSEMBL\u00c9ES  G\u00c9N\u00c9RALES  DE JUIN \u00c0 AO\u00dbT<\/a> est apparu en premier sur <a href=\"https:\/\/www.cftcmediaplus.fr\/\">CFTC Media Plus<\/a>.<\/p>\n","protected":false},"excerpt":{"rendered":"<p>Retour sur les trois assembl\u00e9es g\u00e9n\u00e9rales CFTC qui se sont tenues ces derniers mois \u00e0 Tours, Albi et Haguenau. Assembl\u00e9 g\u00e9n\u00e9rale SNPPELAC L\u2019assembl\u00e9e g\u00e9n\u00e9rale de fusion du syndicat National des Personnels de l\u2019\u00c9dition, de la Librairie et des Activit\u00e9s Connexes avec le syndicat des Papetiers du Bas-Rhin et avec le syndicat de la Communication des [&hellip;]<\/p>\n","protected":false},"author":0,"featured_media":0,"comment_status":"open","ping_status":"open","sticky":false,"template":"","format":"standard","meta":[],"categories":[1],"tags":[],"_links":{"self":[{"href":"https:\/\/cftc-syntec.fr\/testimport\/wp-json\/wp\/v2\/posts\/5001"}],"collection":[{"href":"https:\/\/cftc-syntec.fr\/testimport\/wp-json\/wp\/v2\/posts"}],"about":[{"href":"https:\/\/cftc-syntec.fr\/testimport\/wp-json\/wp\/v2\/types\/post"}],"replies":[{"embeddable":true,"href":"https:\/\/cftc-syntec.fr\/testimport\/wp-json\/wp\/v2\/comments?post=5001"}],"version-history":[{"count":0,"href":"https:\/\/cftc-syntec.fr\/testimport\/wp-json\/wp\/v2\/posts\/5001\/revisions"}],"wp:attachment":[{"href":"https:\/\/cftc-syntec.fr\/testimport\/wp-json\/wp\/v2\/media?parent=5001"}],"wp:term":[{"taxonomy":"category","embeddable":true,"href":"https:\/\/cftc-syntec.fr\/testimport\/wp-json\/wp\/v2\/categories?post=5001"},{"taxonomy":"post_tag","embeddable":true,"href":"https:\/\/cftc-syntec.fr\/testimport\/wp-json\/wp\/v2\/tags?post=5001"}],"curies":[{"name":"wp","href":"https:\/\/api.w.org\/{rel}","templated":true}]}}