{"id":5010,"date":"2024-12-06T14:06:55","date_gmt":"2024-12-06T13:06:55","guid":{"rendered":"https:\/\/cftc-syntec.fr\/testimport\/signature-de-laccord-de-participation-dans-les-pme\/"},"modified":"2024-12-06T14:06:55","modified_gmt":"2024-12-06T13:06:55","slug":"signature-de-laccord-de-participation-dans-les-pme","status":"publish","type":"post","link":"https:\/\/cftc-syntec.fr\/testimport\/signature-de-laccord-de-participation-dans-les-pme\/","title":{"rendered":"Signature de l\u2019accord de Participation dans les PME"},"content":{"rendered":"<p>Les entreprises de moins de 50 salari\u00e9s peuvent d\u00e9sormais instaurer une prime de participation bas\u00e9 sur un accord de branche. Notre d\u00e9l\u00e9gation CFTC Media+ de la branche des T\u00e9l\u00e9coms s\u2019est mobilis\u00e9e pour n\u00e9gocier et enfin signer cet accord le 6 d\u00e9cembre dernier.<\/p>\n<p>L\u2019entr\u00e9e en vigueur de l\u2019accord interviendra d\u00e8s son agr\u00e9ment par le minist\u00e8re du travail, tr\u00e8s probablement d\u00e9but 2025. Dans les entreprises du secteur comptant moins de 50 salari\u00e9s, nous encourageons tous nos adh\u00e9rents \u00e0 promouvoir cet accord \u00ab cl\u00e9 en main \u00bb.<\/p>\n<p>Un formulaire d\u2019adh\u00e9sion au dispositif, la r\u00e8gle de calcul de l\u2019enveloppe, les cl\u00e9s de r\u00e9partition possible entre salari\u00e9s\u2026<\/p>\n<p>Bref tout est d\u00e9j\u00e0 pr\u00e9par\u00e9 et simplifi\u00e9 pour qu\u2019un partage des b\u00e9n\u00e9fices s\u2019op\u00e8re avec l\u2019ensemble des salari\u00e9s de l\u2019entreprise. M\u00eame si nous priorisons une augmentation des salaires, la CFTC soutient et se mobilise pour que la prime de participation soit effective. C\u2019est un moyen l\u00e9gitime et m\u00e9rit\u00e9 d\u2019associer chaque salari\u00e9 aux r\u00e9sultats \u00e9conomiques de leur employeur.<\/p>\n<p>L\u2019article <a href=\"https:\/\/www.cftcmediaplus.fr\/telecoms\/signature-de-laccord-de-participation-dans-les-pme\">Signature de l\u2019accord de Participation dans les PME<\/a> est apparu en premier sur <a href=\"https:\/\/www.cftcmediaplus.fr\/\">CFTC Media Plus<\/a>.<\/p>\n","protected":false},"excerpt":{"rendered":"<p>Les entreprises de moins de 50 salari\u00e9s peuvent d\u00e9sormais instaurer une prime de participation bas\u00e9 sur un accord de branche. Notre d\u00e9l\u00e9gation CFTC Media+ de la branche des T\u00e9l\u00e9coms s\u2019est mobilis\u00e9e pour n\u00e9gocier et enfin signer cet accord le 6 d\u00e9cembre dernier. L\u2019entr\u00e9e en vigueur de l\u2019accord interviendra d\u00e8s son agr\u00e9ment par le minist\u00e8re du [&hellip;]<\/p>\n","protected":false},"author":0,"featured_media":0,"comment_status":"open","ping_status":"open","sticky":false,"template":"","format":"standard","meta":[],"categories":[1],"tags":[],"_links":{"self":[{"href":"https:\/\/cftc-syntec.fr\/testimport\/wp-json\/wp\/v2\/posts\/5010"}],"collection":[{"href":"https:\/\/cftc-syntec.fr\/testimport\/wp-json\/wp\/v2\/posts"}],"about":[{"href":"https:\/\/cftc-syntec.fr\/testimport\/wp-json\/wp\/v2\/types\/post"}],"replies":[{"embeddable":true,"href":"https:\/\/cftc-syntec.fr\/testimport\/wp-json\/wp\/v2\/comments?post=5010"}],"version-history":[{"count":0,"href":"https:\/\/cftc-syntec.fr\/testimport\/wp-json\/wp\/v2\/posts\/5010\/revisions"}],"wp:attachment":[{"href":"https:\/\/cftc-syntec.fr\/testimport\/wp-json\/wp\/v2\/media?parent=5010"}],"wp:term":[{"taxonomy":"category","embeddable":true,"href":"https:\/\/cftc-syntec.fr\/testimport\/wp-json\/wp\/v2\/categories?post=5010"},{"taxonomy":"post_tag","embeddable":true,"href":"https:\/\/cftc-syntec.fr\/testimport\/wp-json\/wp\/v2\/tags?post=5010"}],"curies":[{"name":"wp","href":"https:\/\/api.w.org\/{rel}","templated":true}]}}