{"id":5030,"date":"2024-12-20T16:29:18","date_gmt":"2024-12-20T15:29:18","guid":{"rendered":"https:\/\/cftc-syntec.fr\/testimport\/editorial-9\/"},"modified":"2024-12-20T16:29:18","modified_gmt":"2024-12-20T15:29:18","slug":"editorial-9","status":"publish","type":"post","link":"https:\/\/cftc-syntec.fr\/testimport\/editorial-9\/","title":{"rendered":"\u00c9DITORIAL"},"content":{"rendered":"<div class=\"elementor elementor-16959\">\n<div class=\"elementor-element elementor-element-d0feaed e-flex e-con-boxed e-con e-parent\">\n<div class=\"e-con-inner\">\n<div class=\"elementor-element elementor-element-1bebd5d7 elementor-widget elementor-widget-text-editor\">\n<div class=\"elementor-widget-container\">\n<p><strong>Profiter de l\u2019\u00e9lan paralympique<\/strong><\/p>\n<p>L\u2019ann\u00e9e 2024 s\u2019ach\u00e8ve pour laisser la place \u00e0 l\u2019ann\u00e9e 2025, que la F\u00e9d\u00e9ration a commenc\u00e9 \u00e0 pr\u00e9parer. Nous y revenons tout au long de cet \u00e9dito.<\/p>\n<p>Ce dernier Lien de l\u2019ann\u00e9e 2024 nous offre l\u2019occasion de dresser un bilan de ces douze derniers mois au cours desquels la F\u00e9d\u00e9ration Media+, ses secteurs et ses sections ont \u0153uvr\u00e9 au d\u00e9veloppement de la CFTC.<\/p>\n<p>Les \u00e9lections CSE \u00e0 La Poste SA, les premi\u00e8res dans ce format, ont eu lieu en octobre. Ces \u00e9lections ont mobilis\u00e9 les militants et responsables. La CFTC a obtenu seulement 5,2%, r\u00e9sultat v\u00e9cu comme d\u00e9cevant qui ne r\u00e9compense pas les investissements et efforts d\u00e9ploy\u00e9s depuis pr\u00e8s de quatre ans par tous : F\u00e9d\u00e9ration, Section Nationale La Poste, syndicats et, surtout, tous nos militants sur le terrain. N\u00e9anmoins, la CFTC progresse en voix et en pourcentage malgr\u00e9 des effectifs en baisse par rapport au scrutin comparable de 2018. C\u2019est un motif de satisfaction et un encouragement \u00e0 poursuivre le travail. L\u2019analyse d\u00e9taill\u00e9e des r\u00e9sultats est en cours. La baisse des moyens mis \u00e0 disposition par l\u2019entreprise doit \u00eatre int\u00e9gr\u00e9e par tous, F\u00e9d\u00e9ration et syndicats. \u00c0 l\u2019issue, une strat\u00e9gie de conqu\u00eate structurera les actions \u00e0 mettre en \u0153uvre dans la perspective des \u00e9lections CSE de 2028. D\u00e8s l\u2019ann\u00e9e prochaine, une premi\u00e8re \u00e9ch\u00e9ance se pr\u00e9sente avec l\u2019\u00e9lection au Conseil d\u2019Administration du groupe La Poste. La F\u00e9d\u00e9ration et le secteur des Postes seront pleinement mobilis\u00e9s.\u00a0<\/p>\n<p>L\u2019ann\u00e9e 2024 a vu, comme pr\u00e9vu dans la motion d\u2019orientation adopt\u00e9e lors du congr\u00e8s f\u00e9d\u00e9ral de Seignosse de juin 2023, la fusion des syndicats Postes T\u00e9l\u00e9coms du Nord, du Pas de Calais et de Picardie dans le nouveau syndicat Postes T\u00e9l\u00e9coms des Hauts de France, et la fusion du syndicat national de l\u2019Edition avec les syndicats couvrant le secteur du Papier Carton rattach\u00e9s \u00e0 la F\u00e9d\u00e9ration Media+. Cette derni\u00e8re fusion ouvre des perspectives de d\u00e9veloppement de deux secteurs et permettra de ne plus avoir d\u2019adh\u00e9rents isol\u00e9s. <br \/>\nLa F\u00e9d\u00e9ration a aussi travaill\u00e9 \u00e0 la relance de plusieurs syndicats en carence de dirigeants et en retard d\u2019AG. <br \/>\nNous poursuivrons ces actions en 2025 dans le but d\u2019avoir une F\u00e9d\u00e9ration et des syndicats en parfait ordre de marche au plan organisationnel.<\/p>\n<p>\u00c0 l\u2019heure o\u00f9 nous \u00e9crivons ces lignes, les \u00e9lections TPE (entreprises de moins de 11 salari\u00e9s) sont en cours (du 25\/11 au 09\/12). Ces \u00e9lections concernent plus de 5 millions de salari\u00e9s. Le r\u00e9sultat comptera pour la repr\u00e9sentativit\u00e9 de la CFTC \u00e0 l\u2019issue du 4e cycle. <br \/>\nPour m\u00e9moire, la CFTC vise 10% de repr\u00e9sentativit\u00e9. La Conf\u00e9d\u00e9ration a mis en place plusieurs dispositifs innovants pour ces \u00e9lections que vous retrouvez sur l\u2019App CFTC. La F\u00e9d\u00e9ration, les syndicats et tous les adh\u00e9rents ont \u00e9t\u00e9 appel\u00e9s \u00e0 se mobiliser pour faire voter pour la CFTC.<\/p>\n<p>Nous n\u2019oublions pas nos adh\u00e9rents retrait\u00e9s. Nos syndicats nous avaient interpell\u00e9s lors du congr\u00e8s f\u00e9d\u00e9ral 2023. En r\u00e9ponse, la F\u00e9d\u00e9ration et l\u2019Union F\u00e9d\u00e9rale des Retrait\u00e9s ont souscrit \u00e0 une compl\u00e9mentaire sant\u00e9 r\u00e9serv\u00e9e \u00e0 nos adh\u00e9rents retrait\u00e9s qui peuvent y adh\u00e9rer s\u2019ils le souhaitent. Nos adh\u00e9rents retrait\u00e9s ont \u00e9t\u00e9 individuellement inform\u00e9s.<\/p>\n<p>La fin de l\u2019ann\u00e9e approche. Au programme, tr\u00eave de No\u00ebl, retrouvailles familiales, repos bien m\u00e9rit\u00e9 avant de rebondir en 2025 qui, sans aucun doute, sera encore riche en \u00e9v\u00e8nements et actions.<\/p>\n<p>Bonne fin d\u2019ann\u00e9e \u00e0 toutes et tous.<\/p>\n<\/p><\/div>\n<\/p><\/div>\n<\/p><\/div>\n<\/p><\/div>\n<\/p><\/div>\n<p>L\u2019article <a href=\"https:\/\/www.cftcmediaplus.fr\/federation\/editorial-9\">\u00c9DITORIAL<\/a> est apparu en premier sur <a href=\"https:\/\/www.cftcmediaplus.fr\/\">CFTC Media Plus<\/a>.<\/p>\n","protected":false},"excerpt":{"rendered":"<p>Profiter de l\u2019\u00e9lan paralympique L\u2019ann\u00e9e 2024 s\u2019ach\u00e8ve pour laisser la place \u00e0 l\u2019ann\u00e9e 2025, que la F\u00e9d\u00e9ration a commenc\u00e9 \u00e0 pr\u00e9parer. Nous y revenons tout au long de cet \u00e9dito. Ce dernier Lien de l\u2019ann\u00e9e 2024 nous offre l\u2019occasion de dresser un bilan de ces douze derniers mois au cours desquels la F\u00e9d\u00e9ration Media+, ses [&hellip;]<\/p>\n","protected":false},"author":0,"featured_media":0,"comment_status":"open","ping_status":"open","sticky":false,"template":"","format":"standard","meta":[],"categories":[1],"tags":[],"_links":{"self":[{"href":"https:\/\/cftc-syntec.fr\/testimport\/wp-json\/wp\/v2\/posts\/5030"}],"collection":[{"href":"https:\/\/cftc-syntec.fr\/testimport\/wp-json\/wp\/v2\/posts"}],"about":[{"href":"https:\/\/cftc-syntec.fr\/testimport\/wp-json\/wp\/v2\/types\/post"}],"replies":[{"embeddable":true,"href":"https:\/\/cftc-syntec.fr\/testimport\/wp-json\/wp\/v2\/comments?post=5030"}],"version-history":[{"count":0,"href":"https:\/\/cftc-syntec.fr\/testimport\/wp-json\/wp\/v2\/posts\/5030\/revisions"}],"wp:attachment":[{"href":"https:\/\/cftc-syntec.fr\/testimport\/wp-json\/wp\/v2\/media?parent=5030"}],"wp:term":[{"taxonomy":"category","embeddable":true,"href":"https:\/\/cftc-syntec.fr\/testimport\/wp-json\/wp\/v2\/categories?post=5030"},{"taxonomy":"post_tag","embeddable":true,"href":"https:\/\/cftc-syntec.fr\/testimport\/wp-json\/wp\/v2\/tags?post=5030"}],"curies":[{"name":"wp","href":"https:\/\/api.w.org\/{rel}","templated":true}]}}