{"id":5031,"date":"2024-12-20T18:09:55","date_gmt":"2024-12-20T17:09:55","guid":{"rendered":"https:\/\/cftc-syntec.fr\/testimport\/success-story-une-formation-fime-mais-pas-que\/"},"modified":"2024-12-20T18:09:55","modified_gmt":"2024-12-20T17:09:55","slug":"success-story-une-formation-fime-mais-pas-que","status":"publish","type":"post","link":"https:\/\/cftc-syntec.fr\/testimport\/success-story-une-formation-fime-mais-pas-que\/","title":{"rendered":"SUCCESS STORY : Une FORMATION FIME, mais pas que\u2026 !"},"content":{"rendered":"<div class=\"elementor elementor-16728\">\n<div class=\"elementor-element elementor-element-58147118 e-flex e-con-boxed e-con e-parent\">\n<div class=\"e-con-inner\">\n<div class=\"elementor-element elementor-element-21e03218 elementor-widget elementor-widget-text-editor\">\n<div class=\"elementor-widget-container\">\n<p>Reading Time : 2 minutes<\/p>\n<p>Nous \u00e9tions le 3 d\u00e9cembre 2024 \u00e0 Toulouse, la ville rose ! Une chose rare s\u2019est produite dans ces derniers jours\u2026 <br \/>Une formation Initiale <strong>CFTC<\/strong> ! Mais que me dites-vous, une FIME, ce n\u2019est pas exceptionnel comme \u00e9v\u00e8nement\u2026<\/p>\n<p>Qu\u2019est ce que cette formation a d\u2019exceptionnel ?<\/p>\n<p>Elle est le r\u00e9sultat de l\u2019\u00e9troite collaboration de plusieurs entit\u00e9s de la CFTC :<\/p>\n<p>\u2013 La F\u00e9d\u00e9ration MEDIA+ qui forme normalement les adh\u00e9rents et les mandat\u00e9s \u00e0 Villejuif (94800)<\/p>\n<p>\u2013 Le SICSTI (<em>Syndicat national de l\u2019Ing\u00e9nierie, du Conseil, des Services et Technologies de l\u2019Information<\/em>) de la branche BETIC (B<em>ureau des \u00c9tudes Techniques et des Ing\u00e9nieurs Conseil<\/em>)<\/p>\n<p>\u2013 L\u2019Union D\u00e9partementale de la Haute-Garonne (UD31) \u2019Union D\u00e9partementale de la Haute-Garonne (UD31)<\/p>\n<p>\u2013 Les Soci\u00e9t\u00e9s CAPGEMINI &amp; ACCENTURE\u00a0<\/p>\n<p>A l\u2019origine de cette d\u00e9marche atypique, les d\u00e9l\u00e9gu\u00e9s syndicaux d\u2019ACCENTURE et de CAPGEMINI de Toulouse souhaitaient proposer \u00e0 leurs nouveaux adh\u00e9rents respectifs de participer \u00e0 cette formation initiale CFTC dans leur r\u00e9gion.<\/p>\n<\/p>\n<p>Nous avons cr\u00e9\u00e9 du lien entre nous, nous avons \u00e9chang\u00e9, partag\u00e9 nos exp\u00e9riences dans un contexte tr\u00e8s agr\u00e9able et nous remercions notre h\u00f4te le MARIOTT R\u00e9sidence Inn de Blagnac (Audrey SENECHAL et Clement SPANU) pour son accueil et la qualit\u00e9 de ses prestations.<\/p>\n<p>L\u2019objectif principal de cette formation est de fournir aux nouveaux adh\u00e9rents une compr\u00e9hension approfondie des <strong>valeurs<\/strong>, des <strong>missions<\/strong> et des <strong>activit\u00e9s<\/strong> de la <strong>CFTC<\/strong>. Les retours des participants ont \u00e9t\u00e9 extr\u00eamement positifs : \u00ab <em>La formation m\u2019a permis de comprendre pleinement le r\u00f4le de la <strong>CFTC<\/strong> et de m\u2019impliquer activement dans les activit\u00e9s syndicales de mon entreprise. J\u2019ai maintenant les outils et la confiance n\u00e9cessaires pour d\u00e9fendre mes droits et ceux de mes coll\u00e8gues<\/em> \u00bb.<\/p>\n<p>Le second objectif de cette formation \u00ab locale \u00bb \u00e9tait de faire dispenser aux adh\u00e9rents une formation syndicale de proximit\u00e9, la m\u00eame branche, le m\u00eame m\u00e9tier, <strong>avec le m\u00eame langage<\/strong> et partagent des probl\u00e9matiques que tous les stagiaires peuvent ais\u00e9ment comprendre. Ajout\u00e9 \u00e0 tous ces avantages, la r\u00e9duction des frais de d\u00e9placements, de l\u2019empreinte carbone et cela en favorisant la <strong>coh\u00e9sion<\/strong> sociale, le <strong>r\u00e9seau<\/strong> et bien s\u00fbr le <strong>d\u00e9veloppement de nos sections<\/strong>.<\/p>\n<p><strong>La r\u00e9ussite partag\u00e9e unanimement<\/strong> d\u00e9montre l\u2019engagement de la <strong>CFTC<\/strong> locale \u00e0 accompagner et former ses nouveaux membres, assurant ainsi un avenir prometteur pour le syndicat et ses adh\u00e9rents. En investissant dans la formation de proximit\u00e9 et le soutien des nouveaux membres, la <strong>CFTC<\/strong> continue de promouvoir ses valeurs de solidarit\u00e9, de justice sociale, et de dignit\u00e9 au travail.<\/p>\n<p>Merci \u00e0 Richard ANEZIN et J\u00e9r\u00f4me AUBERT (F\u00e9d\u00e9ration <strong>MEDIAPLUS<\/strong>), Louis DUVAUX, Agn\u00e8s HAUENSTEIN, Jean Guy DUBAS (<strong>SICSTI<\/strong>), Thierry BERRIO (RF <strong>UD31<\/strong>) et bien s\u00fbr \u00e0 Nathalie FRAZIER (F\u00e9d\u00e9ration PSE) pour cette formation.<\/p>\n<p>Enfin, Merci aux stagiaires gr\u00e2ce \u00e0 qui cette formation a pris tout son sens ! La suite au prochain \u00e9pisode !<\/p>\n<p>Votre Equipe <strong>CFTC<\/strong> Occitanie <br \/>Pour Capgemini : Victor Outtrabady<\/p>\n<\/p>\n<p>Pour Accenture : David Layunta<\/p>\n<p>\u00a0<\/p>\n<\/p><\/div>\n<\/p><\/div>\n<\/p><\/div>\n<\/p><\/div>\n<\/p><\/div>\n<p>L\u2019article <a href=\"https:\/\/www.cftcmediaplus.fr\/numerique\/success-story-une-formation-fime-mais-pas-que\">SUCCESS STORY : Une FORMATION FIME, mais pas que\u2026 !<\/a> est apparu en premier sur <a href=\"https:\/\/www.cftcmediaplus.fr\/\">CFTC Media Plus<\/a>.<\/p>\n","protected":false},"excerpt":{"rendered":"<p>Reading Time : 2 minutes Nous \u00e9tions le 3 d\u00e9cembre 2024 \u00e0 Toulouse, la ville rose ! Une chose rare s\u2019est produite dans ces derniers jours\u2026 Une formation Initiale CFTC ! Mais que me dites-vous, une FIME, ce n\u2019est pas exceptionnel comme \u00e9v\u00e8nement\u2026 Qu\u2019est ce que cette formation a d\u2019exceptionnel ? Elle est le r\u00e9sultat [&hellip;]<\/p>\n","protected":false},"author":0,"featured_media":0,"comment_status":"open","ping_status":"open","sticky":false,"template":"","format":"standard","meta":[],"categories":[1],"tags":[],"_links":{"self":[{"href":"https:\/\/cftc-syntec.fr\/testimport\/wp-json\/wp\/v2\/posts\/5031"}],"collection":[{"href":"https:\/\/cftc-syntec.fr\/testimport\/wp-json\/wp\/v2\/posts"}],"about":[{"href":"https:\/\/cftc-syntec.fr\/testimport\/wp-json\/wp\/v2\/types\/post"}],"replies":[{"embeddable":true,"href":"https:\/\/cftc-syntec.fr\/testimport\/wp-json\/wp\/v2\/comments?post=5031"}],"version-history":[{"count":0,"href":"https:\/\/cftc-syntec.fr\/testimport\/wp-json\/wp\/v2\/posts\/5031\/revisions"}],"wp:attachment":[{"href":"https:\/\/cftc-syntec.fr\/testimport\/wp-json\/wp\/v2\/media?parent=5031"}],"wp:term":[{"taxonomy":"category","embeddable":true,"href":"https:\/\/cftc-syntec.fr\/testimport\/wp-json\/wp\/v2\/categories?post=5031"},{"taxonomy":"post_tag","embeddable":true,"href":"https:\/\/cftc-syntec.fr\/testimport\/wp-json\/wp\/v2\/tags?post=5031"}],"curies":[{"name":"wp","href":"https:\/\/api.w.org\/{rel}","templated":true}]}}