{"id":5032,"date":"2024-12-23T10:06:54","date_gmt":"2024-12-23T09:06:54","guid":{"rendered":"https:\/\/cftc-syntec.fr\/testimport\/comite-national-du-19-novembre-entre-reflexion-et-action-syndicale\/"},"modified":"2024-12-23T10:06:54","modified_gmt":"2024-12-23T09:06:54","slug":"comite-national-du-19-novembre-entre-reflexion-et-action-syndicale","status":"publish","type":"post","link":"https:\/\/cftc-syntec.fr\/testimport\/comite-national-du-19-novembre-entre-reflexion-et-action-syndicale\/","title":{"rendered":"COMIT\u00c9 NATIONAL DU 19 NOVEMBRE : ENTRE R\u00c9FLEXION ET ACTION SYNDICALE"},"content":{"rendered":"<p><strong>Le Comit\u00e9 National s\u2019est tenu le 19 novembre en visioconf\u00e9rence, rassemblant les repr\u00e9sentants syndicaux pour une session riche en discussions et en perspectives. Voici les points saillants des \u00e9changes et pr\u00e9sentations.<\/strong><\/p>\n<p><strong> Charte du mandat\u00e9 : une feuille de route essentielle<\/strong><\/p>\n<p>Maxime Fernandez, juriste de la f\u00e9d\u00e9ration, a pr\u00e9sent\u00e9 la charte du mandat\u00e9, un document fondamental pour les d\u00e9tenteurs de mandats syndicaux. Il a soulign\u00e9 que ce guide d\u00e9finit les missions, objectifs et r\u00e8gles \u00e0 respecter, garantissant une ex\u00e9cution coh\u00e9rente et efficace des mandats. Parmi les recommandations cl\u00e9s, il a insist\u00e9 sur la transmission syst\u00e9matique des documents de n\u00e9gociation collective \u00e0 la f\u00e9d\u00e9ration et aux secteurs concern\u00e9s, afin d\u2019assurer la coordination et l\u2019efficacit\u00e9 des actions syndicales.<\/p>\n<p><strong> Missions des dirigeants syndicaux : un engagement au service de tous<\/strong><\/p>\n<p>Thierry Patenne, secr\u00e9taire g\u00e9n\u00e9ral, a d\u00e9taill\u00e9 les r\u00f4les et responsabilit\u00e9s des dirigeants syndicaux. Il a \u00e9galement pr\u00e9sent\u00e9 deux outils majeurs pour la gestion des adh\u00e9rents : <strong>Inaric<\/strong>, une plateforme centralisant les informations des adh\u00e9rents et <strong>Itool<\/strong>, un logiciel payant d\u00e9di\u00e9 \u00e0 certaines fonctions sp\u00e9cifiques. Les moments strat\u00e9giques du calendrier syndical, comme les AG et les congr\u00e8s, ont \u00e9t\u00e9 d\u00e9crits comme essentiels pour consolider les projets syndicaux et renforcer la coh\u00e9sion.<\/p>\n<p><strong> Fusion de syndicats : vers une plus grande unit\u00e9<\/strong><\/p>\n<p>Anne Chatain, pr\u00e9sidente, a salu\u00e9 les r\u00e9cents succ\u00e8s en mati\u00e8re de fusions syndicales, tout en annon\u00e7ant deux nouvelles fusions \u00e0 venir : <strong>Postes et T\u00e9l\u00e9com de Lorraine<\/strong> avec <strong>Champagne-Ardenne<\/strong>, pr\u00e9vues pour juin 2025 et <strong>PACAC<\/strong> avec <strong>Alpes-Maritimes<\/strong>. Ces regroupements visent \u00e0 renforcer l\u2019unit\u00e9, la <br \/>\nrepr\u00e9sentativit\u00e9 et l\u2019efficacit\u00e9 de la structure nationale.<\/p>\n<p><strong>RGPD et obligations l\u00e9gales : une priorit\u00e9 incontournable<\/strong><\/p>\n<p>Gr\u00e9goire Dacheux, DPO (D\u00e9l\u00e9gu\u00e9 \u00e0 la Protection de Donn\u00e9es) de la f\u00e9d\u00e9ration, a rappel\u00e9 l\u2019importance du respect du R\u00e8glement G\u00e9n\u00e9ral sur la Protection des Donn\u00e9es (RGPD), en vigueur depuis 2018. Il a insist\u00e9 sur l\u2019int\u00e9gration de ces normes dans les pratiques syndicales pour pr\u00e9venir les \u00e9ventuels contr\u00f4les de la CNIL.<\/p>\n<p><strong> Tr\u00e9sorerie : rigueur et transparence<\/strong><\/p>\n<p>J\u00e9r\u00f4me Aubert, tr\u00e9sorier, a expos\u00e9 les processus de suivi des adh\u00e9sions, des d\u00e9missions et des pr\u00e9l\u00e8vements. Il a soulign\u00e9 l\u2019importance d\u2019une gestion stricte pour \u00e9viter toute difficult\u00e9 juridique, rappelant aux membres de maintenir leurs cotisations \u00e0 jour pour conserver leurs avantages.<\/p>\n<p><strong>Nouveaut\u00e9s num\u00e9riques et engagement jeunesse<\/strong><\/p>\n<p>Illana Suret, responsable communication, a d\u00e9voil\u00e9 une nouvelle version du site internet, con\u00e7ue pour optimiser l\u2019exp\u00e9rience utilisateur et simplifier les commandes de goodies. Enfin, Agathe Melet, porte parole de la commission jeune, a cl\u00f4tur\u00e9 la session en attestant qu\u2019elle allait prochainement mettre en place des actions pour sensibiliser les jeunes.<\/p>\n<p>L\u2019article <a href=\"https:\/\/www.cftcmediaplus.fr\/federation\/comite-national-du-19-novembre-entre-reflexion-et-action-syndicale\">COMIT\u00c9 NATIONAL DU 19 NOVEMBRE : ENTRE R\u00c9FLEXION ET ACTION SYNDICALE<\/a> est apparu en premier sur <a href=\"https:\/\/www.cftcmediaplus.fr\/\">CFTC Media Plus<\/a>.<\/p>\n","protected":false},"excerpt":{"rendered":"<p>Le Comit\u00e9 National s\u2019est tenu le 19 novembre en visioconf\u00e9rence, rassemblant les repr\u00e9sentants syndicaux pour une session riche en discussions et en perspectives. Voici les points saillants des \u00e9changes et pr\u00e9sentations. Charte du mandat\u00e9 : une feuille de route essentielle Maxime Fernandez, juriste de la f\u00e9d\u00e9ration, a pr\u00e9sent\u00e9 la charte du mandat\u00e9, un document fondamental [&hellip;]<\/p>\n","protected":false},"author":0,"featured_media":0,"comment_status":"open","ping_status":"open","sticky":false,"template":"","format":"standard","meta":[],"categories":[1],"tags":[],"_links":{"self":[{"href":"https:\/\/cftc-syntec.fr\/testimport\/wp-json\/wp\/v2\/posts\/5032"}],"collection":[{"href":"https:\/\/cftc-syntec.fr\/testimport\/wp-json\/wp\/v2\/posts"}],"about":[{"href":"https:\/\/cftc-syntec.fr\/testimport\/wp-json\/wp\/v2\/types\/post"}],"replies":[{"embeddable":true,"href":"https:\/\/cftc-syntec.fr\/testimport\/wp-json\/wp\/v2\/comments?post=5032"}],"version-history":[{"count":0,"href":"https:\/\/cftc-syntec.fr\/testimport\/wp-json\/wp\/v2\/posts\/5032\/revisions"}],"wp:attachment":[{"href":"https:\/\/cftc-syntec.fr\/testimport\/wp-json\/wp\/v2\/media?parent=5032"}],"wp:term":[{"taxonomy":"category","embeddable":true,"href":"https:\/\/cftc-syntec.fr\/testimport\/wp-json\/wp\/v2\/categories?post=5032"},{"taxonomy":"post_tag","embeddable":true,"href":"https:\/\/cftc-syntec.fr\/testimport\/wp-json\/wp\/v2\/tags?post=5032"}],"curies":[{"name":"wp","href":"https:\/\/api.w.org\/{rel}","templated":true}]}}