{"id":5036,"date":"2024-12-26T10:14:53","date_gmt":"2024-12-26T09:14:53","guid":{"rendered":"https:\/\/cftc-syntec.fr\/testimport\/les-ag-de-novembre\/"},"modified":"2024-12-26T10:14:53","modified_gmt":"2024-12-26T09:14:53","slug":"les-ag-de-novembre","status":"publish","type":"post","link":"https:\/\/cftc-syntec.fr\/testimport\/les-ag-de-novembre\/","title":{"rendered":"LES AG DE NOVEMBRE"},"content":{"rendered":"<p><strong>AG du secteur des Postes : Bilan et perspectives<\/strong><\/p>\n<p>Le 7 novembre 2024, l\u2019Assembl\u00e9e g\u00e9n\u00e9rale du Secteur des Postes a r\u00e9uni acteurs du secteur pour \u00e9changer sur activit\u00e9s, enjeux et actualit\u00e9s.<\/p>\n<p>Les diff\u00e9rentes interventions ont mis en lumi\u00e8re la diversit\u00e9 des contextes et des situations au sein des filiales et entreprises affili\u00e9es \u00e0 La Poste.<\/p>\n<p>Bernard Poisson, pr\u00e9sident du Secteur des Postes, a annonc\u00e9 son ambition de renforcer les \u00e9changes avec l\u2019ARCEP et les parlementaires. Parall\u00e8lement, les n\u00e9gociations se poursuivent pour la cr\u00e9ation d\u2019un nouveau comit\u00e9 de groupe \u00e0 La Poste, destin\u00e9 \u00e0 remplacer l\u2019instance actuelle.<\/p>\n<p>Le secteur fait face \u00e0 des d\u00e9fis majeurs, tels que la baisse du march\u00e9 du courrier et les difficult\u00e9s d\u2019entreprises comme Milee ou Adrexo. Thierry Patenne a appel\u00e9 \u00e0 une mobilisation accrue pour pr\u00e9parer l\u2019avenir de La Poste et soutenir les salari\u00e9s touch\u00e9s par les restructurations. Cette assembl\u00e9e a r\u00e9affirm\u00e9 l\u2019engagement du Secteur des Postes \u00e0 d\u00e9fendre les salari\u00e9s tout en s\u2019adaptant aux transformations \u00e9conomiques et organisationnelles.<br \/>\nLe bureau a \u00e9t\u00e9 \u00e9lu et renouvel\u00e9 comme suit :<br \/>\nPr\u00e9sident : Bernard Poisson, Vice-Pr\u00e9sident : Gregory <br \/>\nLewandrowski, Secr\u00e9taire : Philippe Mongin, Secr\u00e9taires <br \/>\nadjoints : C\u00e9line Jablonka et Laurent Martin<\/p>\n<p><strong> AG Languedoc Roussillon : Renouveau et mobilisation<\/strong><\/p>\n<\/p>\n<p>L\u2019assembl\u00e9e g\u00e9n\u00e9rale du syndicat des Postes et T\u00e9l\u00e9communications Languedoc-Roussillon a eu lieu le 22 novembre \u00e0 la Maison des Syndicats \u00e0 Montpellier en pr\u00e9sence de Thierry Patenne, Secr\u00e9taire g\u00e9n\u00e9ral de la F\u00e9d\u00e9ration, et Olivier Louise, Secr\u00e9taire g\u00e9n\u00e9ral adjoint en charge du secteur T\u00e9l\u00e9coms.<\/p>\n<p>En carence de dirigeants depuis plusieurs mois et en retard d\u2019AG, le syndicat a r\u00e9uni 10 adh\u00e9rents motiv\u00e9s lors de l\u2019Assembl\u00e9e G\u00e9n\u00e9rale, gr\u00e2ce au travail pr\u00e9paratoire d\u2019Olivier Louise.<\/p>\n<p>Les nouveaux statuts ont \u00e9t\u00e9 adopt\u00e9s et un conseil de 10 membres a \u00e9t\u00e9 \u00e9lu.<\/p>\n<p>Le bureau a \u00e9t\u00e9 constitu\u00e9 : Yadh Zaafrani, Pr\u00e9sident, Olivier Carrez, Secr\u00e9taire g\u00e9n\u00e9ral, Ga\u00eblle Georges, Tr\u00e9sori\u00e8re.<\/p>\n<p>La F\u00e9d\u00e9ration remercie les \u00e9lus pour leur engagement et demeure \u00e0 disposition pour apporter l\u2019aide n\u00e9cessaire. <\/p>\n<p>L\u2019article <a href=\"https:\/\/www.cftcmediaplus.fr\/syndicats\/les-ag-de-novembre\">LES AG DE NOVEMBRE<\/a> est apparu en premier sur <a href=\"https:\/\/www.cftcmediaplus.fr\/\">CFTC Media Plus<\/a>.<\/p>\n","protected":false},"excerpt":{"rendered":"<p>AG du secteur des Postes : Bilan et perspectives Le 7 novembre 2024, l\u2019Assembl\u00e9e g\u00e9n\u00e9rale du Secteur des Postes a r\u00e9uni acteurs du secteur pour \u00e9changer sur activit\u00e9s, enjeux et actualit\u00e9s. Les diff\u00e9rentes interventions ont mis en lumi\u00e8re la diversit\u00e9 des contextes et des situations au sein des filiales et entreprises affili\u00e9es \u00e0 La Poste. [&hellip;]<\/p>\n","protected":false},"author":0,"featured_media":0,"comment_status":"open","ping_status":"open","sticky":false,"template":"","format":"standard","meta":[],"categories":[1],"tags":[],"_links":{"self":[{"href":"https:\/\/cftc-syntec.fr\/testimport\/wp-json\/wp\/v2\/posts\/5036"}],"collection":[{"href":"https:\/\/cftc-syntec.fr\/testimport\/wp-json\/wp\/v2\/posts"}],"about":[{"href":"https:\/\/cftc-syntec.fr\/testimport\/wp-json\/wp\/v2\/types\/post"}],"replies":[{"embeddable":true,"href":"https:\/\/cftc-syntec.fr\/testimport\/wp-json\/wp\/v2\/comments?post=5036"}],"version-history":[{"count":0,"href":"https:\/\/cftc-syntec.fr\/testimport\/wp-json\/wp\/v2\/posts\/5036\/revisions"}],"wp:attachment":[{"href":"https:\/\/cftc-syntec.fr\/testimport\/wp-json\/wp\/v2\/media?parent=5036"}],"wp:term":[{"taxonomy":"category","embeddable":true,"href":"https:\/\/cftc-syntec.fr\/testimport\/wp-json\/wp\/v2\/categories?post=5036"},{"taxonomy":"post_tag","embeddable":true,"href":"https:\/\/cftc-syntec.fr\/testimport\/wp-json\/wp\/v2\/tags?post=5036"}],"curies":[{"name":"wp","href":"https:\/\/api.w.org\/{rel}","templated":true}]}}