{"id":5037,"date":"2024-12-27T09:43:39","date_gmt":"2024-12-27T08:43:39","guid":{"rendered":"https:\/\/cftc-syntec.fr\/testimport\/les-syndicats-europeens-unis-pour-les-droits-des-travailleurs-de-plateformes\/"},"modified":"2024-12-27T09:43:39","modified_gmt":"2024-12-27T08:43:39","slug":"les-syndicats-europeens-unis-pour-les-droits-des-travailleurs-de-plateformes","status":"publish","type":"post","link":"https:\/\/cftc-syntec.fr\/testimport\/les-syndicats-europeens-unis-pour-les-droits-des-travailleurs-de-plateformes\/","title":{"rendered":"LES SYNDICATS EUROP\u00c9ENS UNIS POUR LES DROITS DES TRAVAILLEURS DE PLATEFORMES"},"content":{"rendered":"<p><strong>Les 25 et 26 septembre 2024, la CFTC a co-organis\u00e9 \u00e0 Paris, avec la Conf\u00e9d\u00e9ration Europ\u00e9enne des Syndicats, le troisi\u00e8me forum Platfor(u)m, un \u00e9v\u00e9nement majeur pour discuter des enjeux de l\u2019\u00e9conomie des plateformes. Ce forum a r\u00e9uni 120 repr\u00e9sentants issus des organisations syndicales fran\u00e7aises et de nombreux partenaires syndicaux europ\u00e9ens. Le Groupe Europe conf\u00e9d\u00e9ral de la CFTC, compos\u00e9 notamment de la secr\u00e9taire g\u00e9n\u00e9rale adjointe Europe de la CFTC, Anne Chatain, de Tamou Souary, Jean-Philippe Charpentier, Filip Vandemoortele et Jean-Marc Cicuto, a jou\u00e9 un r\u00f4le actif dans <\/strong><br \/><strong>les ateliers et d\u00e9bats.<\/strong><\/p>\n<p>Anne Chatain a soulign\u00e9 l\u2019importance de garantir des droits aux travailleurs de plateformes tout en encourageant un environnement de dialogue social. Elle a rappel\u00e9 que la CFTC, bien que favorable \u00e0 la Directive, soutient une r\u00e9gulation qui favorise \u00e0 la fois la protection des travailleurs et l\u2019attractivit\u00e9 des plateformes en France.<\/p>\n<p>La d\u00e9put\u00e9e Li Andersson, pr\u00e9sidente de la Commission sociale du Parlement europ\u00e9en, et Nicolas Schmit, commissaire europ\u00e9en sortant \u00e0 l\u2019emploi et aux affaires sociales, ont enrichi les discussions sur les d\u00e9fis sociaux pos\u00e9s par les plateformes et l\u2019\u00e9conomie num\u00e9rique.<\/p>\n<p>Les points cl\u00e9s d\u00e9fendus par la CFTC sont les suivants :<\/p>\n<p><strong> La protection des travailleurs<\/strong>. La CFTC plaide pour un cadre de travail permettant de s\u00e9curiser les droits des travailleurs de plateformes, en garantissant une couverture pour les accidents et maladies professionnels, et en emp\u00eachant les d\u00e9rives de \u00ab\u00a0faux ind\u00e9pendants\u00a0\u00bb.<br \/>\n<strong> Le dialogue social<\/strong>. La CFTC valorise le dialogue social pour \u00e9viter un encadrement rigide et favoriser un environnement attractif pour les plateformes tout en prot\u00e9geant les travailleurs.<br \/>\n<strong> Le r\u00f4le du juge<\/strong>. La Directive permet aux travailleurs de demander une requalification en tant que salari\u00e9s, sous l\u2019arbitrage d\u2019un juge, une mesure soutenue par la CFTC pour prot\u00e9ger ceux qui le souhaitent sans perdre leur ind\u00e9pendance.<\/p>\n<p>Concernant les enjeux de l\u2019intelligence artificielle, la CFTC se montre attentive \u00e0 l\u2019utilisation des algorithmes et de l\u2019IA dans les plateformes, insistant sur l\u2019importance de pr\u00e9server l\u2019\u00e9valuation humaine et de ne pas substituer l\u2019encadrement humain par des processus automatis\u00e9s.<\/p>\n<p>La CFTC continue de surveiller la transposition de la Directive en droit fran\u00e7ais et de collaborer avec les syndicats europ\u00e9ens pour assurer une r\u00e9gulation juste et \u00e9volutive des conditions de travail dans l\u2019\u00e9conomie des plateformes.<\/p>\n<p><strong> Que pr\u00e9voit cette Directive europ\u00e9enne?<\/strong><\/p>\n<p>En d\u00e9but d\u2019ann\u00e9e, le Conseil et le Parlement europ\u00e9en sur la directive relative aux travailleurs des plateformes ont confirm\u00e9 leur accord sur une directive provisoire. Ce texte vise \u00e0 rem\u00e9dier aux cas de classification erron\u00e9e des travailleurs des plateformes et \u00e0 faciliter leur requalification en travailleurs salari\u00e9s. L\u2019objectif de la directive est aussi de r\u00e9glementer la gestion algorithmique, afin que les travailleurs soient inform\u00e9s de l\u2019utilisation de syst\u00e8mes de surveillance ou de prise de d\u00e9cision automatis\u00e9s.<\/p>\n<p>L\u2019article <a href=\"https:\/\/www.cftcmediaplus.fr\/federation\/les-syndicats-europeens-unis-pour-les-droits-des-travailleurs-de-plateformes\">LES SYNDICATS EUROP\u00c9ENS UNIS POUR LES DROITS DES TRAVAILLEURS DE PLATEFORMES<\/a> est apparu en premier sur <a href=\"https:\/\/www.cftcmediaplus.fr\/\">CFTC Media Plus<\/a>.<\/p>\n","protected":false},"excerpt":{"rendered":"<p>Les 25 et 26 septembre 2024, la CFTC a co-organis\u00e9 \u00e0 Paris, avec la Conf\u00e9d\u00e9ration Europ\u00e9enne des Syndicats, le troisi\u00e8me forum Platfor(u)m, un \u00e9v\u00e9nement majeur pour discuter des enjeux de l\u2019\u00e9conomie des plateformes. Ce forum a r\u00e9uni 120 repr\u00e9sentants issus des organisations syndicales fran\u00e7aises et de nombreux partenaires syndicaux europ\u00e9ens. Le Groupe Europe conf\u00e9d\u00e9ral de [&hellip;]<\/p>\n","protected":false},"author":0,"featured_media":0,"comment_status":"open","ping_status":"open","sticky":false,"template":"","format":"standard","meta":[],"categories":[1],"tags":[],"_links":{"self":[{"href":"https:\/\/cftc-syntec.fr\/testimport\/wp-json\/wp\/v2\/posts\/5037"}],"collection":[{"href":"https:\/\/cftc-syntec.fr\/testimport\/wp-json\/wp\/v2\/posts"}],"about":[{"href":"https:\/\/cftc-syntec.fr\/testimport\/wp-json\/wp\/v2\/types\/post"}],"replies":[{"embeddable":true,"href":"https:\/\/cftc-syntec.fr\/testimport\/wp-json\/wp\/v2\/comments?post=5037"}],"version-history":[{"count":0,"href":"https:\/\/cftc-syntec.fr\/testimport\/wp-json\/wp\/v2\/posts\/5037\/revisions"}],"wp:attachment":[{"href":"https:\/\/cftc-syntec.fr\/testimport\/wp-json\/wp\/v2\/media?parent=5037"}],"wp:term":[{"taxonomy":"category","embeddable":true,"href":"https:\/\/cftc-syntec.fr\/testimport\/wp-json\/wp\/v2\/categories?post=5037"},{"taxonomy":"post_tag","embeddable":true,"href":"https:\/\/cftc-syntec.fr\/testimport\/wp-json\/wp\/v2\/tags?post=5037"}],"curies":[{"name":"wp","href":"https:\/\/api.w.org\/{rel}","templated":true}]}}