{"id":5062,"date":"2025-02-28T16:22:41","date_gmt":"2025-02-28T15:22:41","guid":{"rendered":"https:\/\/cftc-syntec.fr\/testimport\/salaire-decent-renouvellement-des-generations-organisation-du-travail-sur-rcf-la-cftc-deroule-sa-vision-du-monde-agricole\/"},"modified":"2025-02-28T16:22:41","modified_gmt":"2025-02-28T15:22:41","slug":"salaire-decent-renouvellement-des-generations-organisation-du-travail-sur-rcf-la-cftc-deroule-sa-vision-du-monde-agricole","status":"publish","type":"post","link":"https:\/\/cftc-syntec.fr\/testimport\/salaire-decent-renouvellement-des-generations-organisation-du-travail-sur-rcf-la-cftc-deroule-sa-vision-du-monde-agricole\/","title":{"rendered":"Salaire d\u00e9cent, renouvellement des g\u00e9n\u00e9rations, organisation du travail : sur RCF, la CFTC d\u00e9roule sa vision du monde agricole"},"content":{"rendered":"<p>Cet article <a href=\"https:\/\/www.cftc.fr\/non-categorise\/salaire-decent-renouvellement-des-generations-organisation-du-travail-sur-rcf-la-cftc-deroule-sa-vision-du-monde-agricole\">Salaire d\u00e9cent, renouvellement des g\u00e9n\u00e9rations, organisation du travail : sur RCF, la CFTC d\u00e9roule sa vision du monde agricole<\/a> est apparu en premier sur <a href=\"https:\/\/www.cftc.fr\/\">CFTC<\/a>.<\/p>\n","protected":false},"excerpt":{"rendered":"<p>Cet article Salaire d\u00e9cent, renouvellement des g\u00e9n\u00e9rations, organisation du travail : sur RCF, la CFTC d\u00e9roule sa vision du monde agricole est apparu en premier sur CFTC.<\/p>\n","protected":false},"author":0,"featured_media":0,"comment_status":"open","ping_status":"open","sticky":false,"template":"","format":"standard","meta":[],"categories":[1],"tags":[],"_links":{"self":[{"href":"https:\/\/cftc-syntec.fr\/testimport\/wp-json\/wp\/v2\/posts\/5062"}],"collection":[{"href":"https:\/\/cftc-syntec.fr\/testimport\/wp-json\/wp\/v2\/posts"}],"about":[{"href":"https:\/\/cftc-syntec.fr\/testimport\/wp-json\/wp\/v2\/types\/post"}],"replies":[{"embeddable":true,"href":"https:\/\/cftc-syntec.fr\/testimport\/wp-json\/wp\/v2\/comments?post=5062"}],"version-history":[{"count":0,"href":"https:\/\/cftc-syntec.fr\/testimport\/wp-json\/wp\/v2\/posts\/5062\/revisions"}],"wp:attachment":[{"href":"https:\/\/cftc-syntec.fr\/testimport\/wp-json\/wp\/v2\/media?parent=5062"}],"wp:term":[{"taxonomy":"category","embeddable":true,"href":"https:\/\/cftc-syntec.fr\/testimport\/wp-json\/wp\/v2\/categories?post=5062"},{"taxonomy":"post_tag","embeddable":true,"href":"https:\/\/cftc-syntec.fr\/testimport\/wp-json\/wp\/v2\/tags?post=5062"}],"curies":[{"name":"wp","href":"https:\/\/api.w.org\/{rel}","templated":true}]}}