{"id":5070,"date":"2025-03-14T16:09:52","date_gmt":"2025-03-14T15:09:52","guid":{"rendered":"https:\/\/cftc-syntec.fr\/testimport\/reforme-du-metier-dinfirmier-un-progres-a-saluer-mais-a-nuancer\/"},"modified":"2025-03-14T16:09:52","modified_gmt":"2025-03-14T15:09:52","slug":"reforme-du-metier-dinfirmier-un-progres-a-saluer-mais-a-nuancer","status":"publish","type":"post","link":"https:\/\/cftc-syntec.fr\/testimport\/reforme-du-metier-dinfirmier-un-progres-a-saluer-mais-a-nuancer\/","title":{"rendered":"R\u00e9forme du m\u00e9tier d\u2019infirmier : un progr\u00e8s \u00e0 saluer, mais \u00e0 nuancer"},"content":{"rendered":"<p>Cet article <a href=\"https:\/\/www.cftc.fr\/actualites\/reforme-du-metier-dinfirmier-un-progres-a-saluer-mais-a-nuancer\">R\u00e9forme du m\u00e9tier d\u2019infirmier : un progr\u00e8s \u00e0 saluer, mais \u00e0 nuancer<\/a> est apparu en premier sur <a href=\"https:\/\/www.cftc.fr\/\">CFTC<\/a>.<\/p>\n","protected":false},"excerpt":{"rendered":"<p>Cet article R\u00e9forme du m\u00e9tier d\u2019infirmier : un progr\u00e8s \u00e0 saluer, mais \u00e0 nuancer est apparu en premier sur CFTC.<\/p>\n","protected":false},"author":0,"featured_media":0,"comment_status":"open","ping_status":"open","sticky":false,"template":"","format":"standard","meta":[],"categories":[1],"tags":[],"_links":{"self":[{"href":"https:\/\/cftc-syntec.fr\/testimport\/wp-json\/wp\/v2\/posts\/5070"}],"collection":[{"href":"https:\/\/cftc-syntec.fr\/testimport\/wp-json\/wp\/v2\/posts"}],"about":[{"href":"https:\/\/cftc-syntec.fr\/testimport\/wp-json\/wp\/v2\/types\/post"}],"replies":[{"embeddable":true,"href":"https:\/\/cftc-syntec.fr\/testimport\/wp-json\/wp\/v2\/comments?post=5070"}],"version-history":[{"count":0,"href":"https:\/\/cftc-syntec.fr\/testimport\/wp-json\/wp\/v2\/posts\/5070\/revisions"}],"wp:attachment":[{"href":"https:\/\/cftc-syntec.fr\/testimport\/wp-json\/wp\/v2\/media?parent=5070"}],"wp:term":[{"taxonomy":"category","embeddable":true,"href":"https:\/\/cftc-syntec.fr\/testimport\/wp-json\/wp\/v2\/categories?post=5070"},{"taxonomy":"post_tag","embeddable":true,"href":"https:\/\/cftc-syntec.fr\/testimport\/wp-json\/wp\/v2\/tags?post=5070"}],"curies":[{"name":"wp","href":"https:\/\/api.w.org\/{rel}","templated":true}]}}