{"id":5073,"date":"2025-03-18T11:06:25","date_gmt":"2025-03-18T10:06:25","guid":{"rendered":"https:\/\/cftc-syntec.fr\/testimport\/mobilisation-pour-lacces-aux-soins-de-toutes-et-tous-pour-la-reconquete-de-la-secu\/"},"modified":"2025-03-18T11:06:25","modified_gmt":"2025-03-18T10:06:25","slug":"mobilisation-pour-lacces-aux-soins-de-toutes-et-tous-pour-la-reconquete-de-la-secu","status":"publish","type":"post","link":"https:\/\/cftc-syntec.fr\/testimport\/mobilisation-pour-lacces-aux-soins-de-toutes-et-tous-pour-la-reconquete-de-la-secu\/","title":{"rendered":"Mobilisation pour l\u2019acc\u00e8s aux soins de toutes et tous pour la reconqu\u00eate de la S\u00e9cu"},"content":{"rendered":"<p>\u00a0<strong>Mobilisation le 20 mars<\/strong><br \/> \u00c0\u00a0<strong>Paris<\/strong>\u00a0: rassemblement \u00e0 14h, m\u00e9tro\u00a0<strong>\u00c9cole Militaire<\/strong>, puis manifestation vers Matignon.<br \/>\u00a0<strong>Partout en r\u00e9gion<\/strong>, rejoignez les actions locales pour d\u00e9fendre notre syst\u00e8me de sant\u00e9 !<\/p>\n<p>\u00a0<\/p>\n<p>\u00a0<strong>Ce qui est en jeu :<\/strong><\/p>\n<p>Hausse des frais de sant\u00e9 \u00e0 la charge des patients (consultations, examens, m\u00e9dicaments, hospitalisation\u2026).<br \/>\nDiminution des remboursements et d\u00e9veloppement des compl\u00e9mentaires sant\u00e9 priv\u00e9es.<br \/>\nR\u00e9ductions budg\u00e9taires mena\u00e7ant les h\u00f4pitaux, les services de soins et l\u2019acc\u00e8s aux professionnels de sant\u00e9.<br \/>\nPLFSS 2025 (Projet de Loi de Financement de la S\u00e9curit\u00e9 Sociale) jug\u00e9 aust\u00e9ritaire avec une baisse des indemnit\u00e9s journali\u00e8res et un financement insuffisant des h\u00f4pitaux.<\/p>\n<p>\u00a0<strong>Nous revendiquons :<\/strong><\/p>\n<p>\n L\u2019acc\u00e8s universel aux soins avec des h\u00f4pitaux de proximit\u00e9 et des professionnels en nombre suffisant.<br \/> Des remboursements \u00e0 100 % par la S\u00e9curit\u00e9 sociale pour tous les soins prescrits.<br \/> Un financement solidaire avec la fin des exon\u00e9rations de cotisations sociales pour les entreprises.<br \/> Une gestion d\u00e9mocratique de la S\u00e9cu par les salari\u00e9\u00b7es et un contr\u00f4le public du prix des m\u00e9dicaments.<\/p>\n<p>\u00a0<\/p>\n<p><a href=\"https:\/\/www.cftcmediaplus.fr\/wp-content\/uploads\/2025\/03\/Mobilisation-pour-la-reconquete-de-la-secu.pdf\" target=\"_blank\" rel=\"noopener\">Communiqu\u00e9<\/a><\/p>\n<p>\u00a0<\/p>\n<p><strong>Ensemble, reconqu\u00e9rons la S\u00e9curit\u00e9 sociale !<\/strong><\/p>\n<p>L\u2019article <a href=\"https:\/\/www.cftcmediaplus.fr\/federation\/mobilisation-pour-lacces-aux-soins-de-toutes-et-tous-pour-la-reconquete-de-la-secu\">Mobilisation pour l\u2019acc\u00e8s aux soins de toutes et tous pour la reconqu\u00eate de la S\u00e9cu<\/a> est apparu en premier sur <a href=\"https:\/\/www.cftcmediaplus.fr\/\">CFTC Media Plus<\/a>.<\/p>\n","protected":false},"excerpt":{"rendered":"<p>\u00a0Mobilisation le 20 mars \u00c0\u00a0Paris\u00a0: rassemblement \u00e0 14h, m\u00e9tro\u00a0\u00c9cole Militaire, puis manifestation vers Matignon.\u00a0Partout en r\u00e9gion, rejoignez les actions locales pour d\u00e9fendre notre syst\u00e8me de sant\u00e9 ! \u00a0 \u00a0Ce qui est en jeu : Hausse des frais de sant\u00e9 \u00e0 la charge des patients (consultations, examens, m\u00e9dicaments, hospitalisation\u2026). Diminution des remboursements et d\u00e9veloppement des compl\u00e9mentaires [&hellip;]<\/p>\n","protected":false},"author":0,"featured_media":0,"comment_status":"open","ping_status":"open","sticky":false,"template":"","format":"standard","meta":[],"categories":[1],"tags":[],"_links":{"self":[{"href":"https:\/\/cftc-syntec.fr\/testimport\/wp-json\/wp\/v2\/posts\/5073"}],"collection":[{"href":"https:\/\/cftc-syntec.fr\/testimport\/wp-json\/wp\/v2\/posts"}],"about":[{"href":"https:\/\/cftc-syntec.fr\/testimport\/wp-json\/wp\/v2\/types\/post"}],"replies":[{"embeddable":true,"href":"https:\/\/cftc-syntec.fr\/testimport\/wp-json\/wp\/v2\/comments?post=5073"}],"version-history":[{"count":0,"href":"https:\/\/cftc-syntec.fr\/testimport\/wp-json\/wp\/v2\/posts\/5073\/revisions"}],"wp:attachment":[{"href":"https:\/\/cftc-syntec.fr\/testimport\/wp-json\/wp\/v2\/media?parent=5073"}],"wp:term":[{"taxonomy":"category","embeddable":true,"href":"https:\/\/cftc-syntec.fr\/testimport\/wp-json\/wp\/v2\/categories?post=5073"},{"taxonomy":"post_tag","embeddable":true,"href":"https:\/\/cftc-syntec.fr\/testimport\/wp-json\/wp\/v2\/tags?post=5073"}],"curies":[{"name":"wp","href":"https:\/\/api.w.org\/{rel}","templated":true}]}}