{"id":5082,"date":"2025-04-02T14:12:09","date_gmt":"2025-04-02T12:12:09","guid":{"rendered":"https:\/\/cftc-syntec.fr\/testimport\/naissance-du-syndicat-poste-telecoms-du-centre-val-de-loire\/"},"modified":"2025-04-02T14:12:09","modified_gmt":"2025-04-02T12:12:09","slug":"naissance-du-syndicat-poste-telecoms-du-centre-val-de-loire","status":"publish","type":"post","link":"https:\/\/cftc-syntec.fr\/testimport\/naissance-du-syndicat-poste-telecoms-du-centre-val-de-loire\/","title":{"rendered":"Naissance du syndicat Poste-T\u00e9l\u00e9coms du Centre-Val de Loire"},"content":{"rendered":"<p>Le 25 mars 2025, 22 adh\u00e9rents des secteurs des Postes et des T\u00e9l\u00e9communications de la r\u00e9gion Centre-Val de Loire, se sont r\u00e9unis \u00e0 Saint Avertin (37) en Assembl\u00e9e g\u00e9n\u00e9rale pour adopter les statuts du nouveau syndicat et \u00e9lire le Conseil. Le conseil a \u00e9lu le bureau\u00a0compos\u00e9 de V\u00e9ronique PAQUET, Pr\u00e9sidente, Carline LOUBIER, Secr\u00e9taire g\u00e9n\u00e9rale et Fran\u00e7ois AUBIN, Tr\u00e9sorier. Olivier LOUISE, Secr\u00e9taire G\u00e9n\u00e9ral adjoint en charge du secteur des T\u00e9l\u00e9coms, C\u00e9cilia PEREIRA, R\u00e9f\u00e9rente du secteur des T\u00e9l\u00e9coms et Thierry PATENNE, Secr\u00e9taire g\u00e9n\u00e9ral ont repr\u00e9sent\u00e9 la F\u00e9d\u00e9ration. V\u00e9ronique de MAGY, Pr\u00e9sidente de l\u2019URS Centre-Val de Loire \u00e9tait pr\u00e9sente.<\/p>\n<p>Cette AG constitue l\u2019aboutissement d\u2019un travail de 2 ans et la r\u00e9alisation d\u2019une action inscrite dans la motion d\u2019orientation adopt\u00e9e par le congr\u00e8s f\u00e9d\u00e9ral en 2023. Ce nouveau syndicat permet de ne plus avoir d\u2019adh\u00e9rents isol\u00e9s sur la r\u00e9gion.<\/p>\n<p>La F\u00e9d\u00e9ration remercie les participants et f\u00e9licite les nouveaux conseillers et membres du bureau et reste en soutien en tant que de besoin.<\/p>\n<p>L\u2019article <a href=\"https:\/\/www.cftcmediaplus.fr\/postes\/naissance-du-syndicat-poste-telecoms-du-centre-val-de-loire\">Naissance du syndicat Poste-T\u00e9l\u00e9coms du Centre-Val de Loire<\/a> est apparu en premier sur <a href=\"https:\/\/www.cftcmediaplus.fr\/\">CFTC Media Plus<\/a>.<\/p>\n","protected":false},"excerpt":{"rendered":"<p>Le 25 mars 2025, 22 adh\u00e9rents des secteurs des Postes et des T\u00e9l\u00e9communications de la r\u00e9gion Centre-Val de Loire, se sont r\u00e9unis \u00e0 Saint Avertin (37) en Assembl\u00e9e g\u00e9n\u00e9rale pour adopter les statuts du nouveau syndicat et \u00e9lire le Conseil. Le conseil a \u00e9lu le bureau\u00a0compos\u00e9 de V\u00e9ronique PAQUET, Pr\u00e9sidente, Carline LOUBIER, Secr\u00e9taire g\u00e9n\u00e9rale et [&hellip;]<\/p>\n","protected":false},"author":0,"featured_media":0,"comment_status":"open","ping_status":"open","sticky":false,"template":"","format":"standard","meta":[],"categories":[1],"tags":[],"_links":{"self":[{"href":"https:\/\/cftc-syntec.fr\/testimport\/wp-json\/wp\/v2\/posts\/5082"}],"collection":[{"href":"https:\/\/cftc-syntec.fr\/testimport\/wp-json\/wp\/v2\/posts"}],"about":[{"href":"https:\/\/cftc-syntec.fr\/testimport\/wp-json\/wp\/v2\/types\/post"}],"replies":[{"embeddable":true,"href":"https:\/\/cftc-syntec.fr\/testimport\/wp-json\/wp\/v2\/comments?post=5082"}],"version-history":[{"count":0,"href":"https:\/\/cftc-syntec.fr\/testimport\/wp-json\/wp\/v2\/posts\/5082\/revisions"}],"wp:attachment":[{"href":"https:\/\/cftc-syntec.fr\/testimport\/wp-json\/wp\/v2\/media?parent=5082"}],"wp:term":[{"taxonomy":"category","embeddable":true,"href":"https:\/\/cftc-syntec.fr\/testimport\/wp-json\/wp\/v2\/categories?post=5082"},{"taxonomy":"post_tag","embeddable":true,"href":"https:\/\/cftc-syntec.fr\/testimport\/wp-json\/wp\/v2\/tags?post=5082"}],"curies":[{"name":"wp","href":"https:\/\/api.w.org\/{rel}","templated":true}]}}