{"id":5083,"date":"2025-04-02T17:15:05","date_gmt":"2025-04-02T15:15:05","guid":{"rendered":"https:\/\/cftc-syntec.fr\/testimport\/editorial-10\/"},"modified":"2025-04-02T17:15:05","modified_gmt":"2025-04-02T15:15:05","slug":"editorial-10","status":"publish","type":"post","link":"https:\/\/cftc-syntec.fr\/testimport\/editorial-10\/","title":{"rendered":"\u00c9ditorial"},"content":{"rendered":"<p>Des ambitions pour 2025 !<\/p>\n<p>Chaque ann\u00e9e apporte un nouvel \u00e9lan et 2025 ne manquera pas de porter haut les vis\u00e9es de la F\u00e9d\u00e9ration Media+. \u00c0 l\u2019issue de la belle et \u00e9nergique campagne conf\u00e9d\u00e9rale men\u00e9e par une chef de file bien connue de notre F\u00e9d\u00e9ration, Imane Harraoui, pour les \u00e9lections dans les Tr\u00e8s Petites Entreprises (moins de 11 salari\u00e9s), la F\u00e9d\u00e9ration peut se f\u00e9liciter des bons r\u00e9sultats obtenus dans sa branche du Num\u00e9rique et des Bureaux d\u2019Etude. Les 13% obtenus par nos coll\u00e8gues du SICSTI doivent d\u2019appr\u00e9cier \u00e0 l\u2019aune de la difficult\u00e9 \u00e0 se connecter aux pr\u00e9occupations de ces salari\u00e9s diss\u00e9min\u00e9s et souvent loin de l\u2019information et de faire voter CFTC. Ce r\u00e9sultat salu\u00e9 par la Conf\u00e9d\u00e9ration est de bon augure pour la mesure de la repr\u00e9sentativit\u00e9 nationale (et par convention collective) que nous attendons \u00e0 la fin du premier trimestre 2025. Cela signifie au passage qu\u2019un nouveau cycle est lanc\u00e9, avec une nouvelle dynamique pour vos CSE.<\/p>\n<p>Les ambitions ne manquent pas en ce d\u00e9but d\u2019ann\u00e9e et vous pourrez en juger en prenant connaissance des actualit\u00e9s de nos diff\u00e9rents secteurs dans ce num\u00e9ro du Lien. Il faut saluer la combativit\u00e9 de nos responsables de sections et militants dans les entreprises, qui font face \u00e0 une situation sociale et \u00e9conomique d\u00e9grad\u00e9e. J\u2019ai une pens\u00e9e particuli\u00e8re pour nos coll\u00e8gues du secteur de la distribution directe qui ont \u00e9t\u00e9 tr\u00e8s durement impact\u00e9s par le d\u00e9mant\u00e8lement de leur fili\u00e8re en marge du projet Oui Pub. Ils ne sont pas seuls \u00e0 conna\u00eetre des difficult\u00e9s comme en t\u00e9moignent les premiers \u00e9l\u00e9ments de n\u00e9gociations salariales et les annonces de restructurations et de cessions dont nous avons eu connaissance. Une vague de lib\u00e9ralisme semble subitement souffler sur l\u2019Europe, largement aliment\u00e9e par les craintes inspir\u00e9es par la nouvelle politique \u00e9conomique et sociale men\u00e9e outre-Atlantique. Les d\u00e9clarations de la Pr\u00e9sidente de la Commission europ\u00e9enne, qui font \u00e9cho aux demandes de simplification tous azimuts des lobbies patronaux, a provoqu\u00e9 une r\u00e9action imm\u00e9diate de la Conf\u00e9d\u00e9ration Europ\u00e9enne des Syndicats, dont la CFTC est partie prenante avec un autre de nos repr\u00e9sentants f\u00e9d\u00e9raux Jean-Philippe Charpentier.<\/p>\n<p>Nos jeunes de la commission f\u00e9d\u00e9rale vous d\u00e9voilent leurs visions sur le syndicalisme et leurs aspirations pour leurs travaux en commission et dans leurs entreprises. Comme notre chef de file conf\u00e9d\u00e9rale \u00c9galit\u00e9, Aur\u00e9lie Chasseboeuf, ils sont et porteurs d\u2019espoir de renouveau dans un environnement tr\u00e8s instable, hyperconnect\u00e9 et bellig\u00e9rant. Je suis fi\u00e8re de partager avec vous l\u2019engagement de la CFTC dans les d\u00e9bats actuels de notre soci\u00e9t\u00e9, qu\u2019il s\u2019agisse de r\u00e9affirmer notre soutien \u00e0 nos homologues des syndicats ukrainiens au troisi\u00e8me anniversaire de l\u2019envahissement de leur pays, ou de d\u00e9battre lors du sommet mondial de l\u2019Intelligence Artificielle de f\u00e9vrier \u00e0 Paris.<\/p>\n<p>D\u2019autres ambitions, il y en aura pour vous qui assurez la r\u00e9ussite et la progression constante de notre mouvement, tout au long de cette ann\u00e9e, qui verra se tenir de nombreuses assembl\u00e9es g\u00e9n\u00e9rales de renouvellement au sein de nos syndicats. \u00c0 venir prochainement le s\u00e9minaire strat\u00e9gique des \u00e9lus et mandat\u00e9s de La Poste, un forum consacr\u00e9 au handicap et notre plan de formations, dont une nouvelle mouture d\u00e9di\u00e9e \u00e0 nos mandat\u00e9s en comit\u00e9s de groupe europ\u00e9ens. Ensemble faisons de 2025 une force collective pour aller plus loin !<\/p>\n<p>L\u2019article <a href=\"https:\/\/www.cftcmediaplus.fr\/federation\/editorial-10\">\u00c9ditorial<\/a> est apparu en premier sur <a href=\"https:\/\/www.cftcmediaplus.fr\/\">CFTC Media Plus<\/a>.<\/p>\n","protected":false},"excerpt":{"rendered":"<p>Des ambitions pour 2025 ! Chaque ann\u00e9e apporte un nouvel \u00e9lan et 2025 ne manquera pas de porter haut les vis\u00e9es de la F\u00e9d\u00e9ration Media+. \u00c0 l\u2019issue de la belle et \u00e9nergique campagne conf\u00e9d\u00e9rale men\u00e9e par une chef de file bien connue de notre F\u00e9d\u00e9ration, Imane Harraoui, pour les \u00e9lections dans les Tr\u00e8s Petites Entreprises [&hellip;]<\/p>\n","protected":false},"author":0,"featured_media":0,"comment_status":"open","ping_status":"open","sticky":false,"template":"","format":"standard","meta":[],"categories":[1],"tags":[],"_links":{"self":[{"href":"https:\/\/cftc-syntec.fr\/testimport\/wp-json\/wp\/v2\/posts\/5083"}],"collection":[{"href":"https:\/\/cftc-syntec.fr\/testimport\/wp-json\/wp\/v2\/posts"}],"about":[{"href":"https:\/\/cftc-syntec.fr\/testimport\/wp-json\/wp\/v2\/types\/post"}],"replies":[{"embeddable":true,"href":"https:\/\/cftc-syntec.fr\/testimport\/wp-json\/wp\/v2\/comments?post=5083"}],"version-history":[{"count":0,"href":"https:\/\/cftc-syntec.fr\/testimport\/wp-json\/wp\/v2\/posts\/5083\/revisions"}],"wp:attachment":[{"href":"https:\/\/cftc-syntec.fr\/testimport\/wp-json\/wp\/v2\/media?parent=5083"}],"wp:term":[{"taxonomy":"category","embeddable":true,"href":"https:\/\/cftc-syntec.fr\/testimport\/wp-json\/wp\/v2\/categories?post=5083"},{"taxonomy":"post_tag","embeddable":true,"href":"https:\/\/cftc-syntec.fr\/testimport\/wp-json\/wp\/v2\/tags?post=5083"}],"curies":[{"name":"wp","href":"https:\/\/api.w.org\/{rel}","templated":true}]}}