{"id":5084,"date":"2025-04-03T09:06:28","date_gmt":"2025-04-03T07:06:28","guid":{"rendered":"https:\/\/cftc-syntec.fr\/testimport\/partenariat-la-mutuelle-generale-et-cnp-assurances\/"},"modified":"2025-04-03T09:06:28","modified_gmt":"2025-04-03T07:06:28","slug":"partenariat-la-mutuelle-generale-et-cnp-assurances","status":"publish","type":"post","link":"https:\/\/cftc-syntec.fr\/testimport\/partenariat-la-mutuelle-generale-et-cnp-assurances\/","title":{"rendered":"PARTENARIAT : LA MUTUELLE G\u00c9N\u00c9RALE ET CNP ASSURANCES"},"content":{"rendered":"<p>CNP Assurances et La Mutuelle G\u00e9n\u00e9rale ont cr\u00e9\u00e9 CNP Assurances Protection Sociale, une nouvelle soci\u00e9t\u00e9 d\u00e9tenue \u00e0 65 % par CNP Assurances et \u00e0 35 % par La Mutuelle G\u00e9n\u00e9rale depuis le 31 d\u00e9cembre 2024. Ce partenariat, annonc\u00e9 en f\u00e9vrier, vise \u00e0 renforcer leur position sur le march\u00e9 de la protection sociale (sant\u00e9 et pr\u00e9voyance) en combinant leurs expertises.<\/p>\n<p>CNP Assurances Protection Sociale repose sur 1 300 collaborateurs de La Mutuelle G\u00e9n\u00e9rale, ainsi que sur ses outils et activit\u00e9s en sant\u00e9 et pr\u00e9voyance (hors contrats statutaires et mutualistes). Une vingtaine de collaborateurs de CNP Assurances viennent renforcer l\u2019\u00e9quipe pour faciliter l\u2019int\u00e9gration.<\/p>\n<p>Avec 1,4 million de personnes prot\u00e9g\u00e9es et plus de 900 M\u20ac de chiffre d\u2019affaires d\u00e8s son lancement, cette nouvelle entit\u00e9 vient renforcer <br \/>\nCNP Assurances dans le domaine de la protection sociale. Son objectif est de devenir un acteur cl\u00e9 en proposant des offres adapt\u00e9es aux besoins du march\u00e9.<\/p>\n<p>\nCe qui ne change pas pour les adh\u00e9rents :<br \/>\n\u2022 Les garanties sant\u00e9 et pr\u00e9voyance restent inchang\u00e9es pour tous les adh\u00e9rents, qu\u2019ils soient en garantie statutaire ou sous contrat collectif La Poste et Orange. La compl\u00e9mentaire sant\u00e9 sera d\u00e9sormais assur\u00e9e par la nouvelle soci\u00e9t\u00e9 commune, sans modification des garanties, des remboursements ou des conditions tarifaires. Les garanties de pr\u00e9voyance individuelle continueront d\u2019\u00eatre g\u00e9r\u00e9es par La Mutuelle G\u00e9n\u00e9rale.<br \/>\n\u2022 Les \u00e9quipes restent inchang\u00e9es et sont maintenant r\u00e9unies au sein de la nouvelle soci\u00e9t\u00e9 pour assurer un service de qualit\u00e9.<br \/>\n\u2022 Les coordonn\u00e9es du centre de gestion et de l\u2019espace personnel restent identiques sur la carte de tiers payant 2025.<\/p>\n<p>L\u2019article <a href=\"https:\/\/www.cftcmediaplus.fr\/federation\/partenariat-la-mutuelle-generale-et-cnp-assurances\">PARTENARIAT : LA MUTUELLE G\u00c9N\u00c9RALE ET CNP ASSURANCES<\/a> est apparu en premier sur <a href=\"https:\/\/www.cftcmediaplus.fr\/\">CFTC Media Plus<\/a>.<\/p>\n","protected":false},"excerpt":{"rendered":"<p>CNP Assurances et La Mutuelle G\u00e9n\u00e9rale ont cr\u00e9\u00e9 CNP Assurances Protection Sociale, une nouvelle soci\u00e9t\u00e9 d\u00e9tenue \u00e0 65 % par CNP Assurances et \u00e0 35 % par La Mutuelle G\u00e9n\u00e9rale depuis le 31 d\u00e9cembre 2024. Ce partenariat, annonc\u00e9 en f\u00e9vrier, vise \u00e0 renforcer leur position sur le march\u00e9 de la protection sociale (sant\u00e9 et pr\u00e9voyance) [&hellip;]<\/p>\n","protected":false},"author":0,"featured_media":0,"comment_status":"open","ping_status":"open","sticky":false,"template":"","format":"standard","meta":[],"categories":[1],"tags":[],"_links":{"self":[{"href":"https:\/\/cftc-syntec.fr\/testimport\/wp-json\/wp\/v2\/posts\/5084"}],"collection":[{"href":"https:\/\/cftc-syntec.fr\/testimport\/wp-json\/wp\/v2\/posts"}],"about":[{"href":"https:\/\/cftc-syntec.fr\/testimport\/wp-json\/wp\/v2\/types\/post"}],"replies":[{"embeddable":true,"href":"https:\/\/cftc-syntec.fr\/testimport\/wp-json\/wp\/v2\/comments?post=5084"}],"version-history":[{"count":0,"href":"https:\/\/cftc-syntec.fr\/testimport\/wp-json\/wp\/v2\/posts\/5084\/revisions"}],"wp:attachment":[{"href":"https:\/\/cftc-syntec.fr\/testimport\/wp-json\/wp\/v2\/media?parent=5084"}],"wp:term":[{"taxonomy":"category","embeddable":true,"href":"https:\/\/cftc-syntec.fr\/testimport\/wp-json\/wp\/v2\/categories?post=5084"},{"taxonomy":"post_tag","embeddable":true,"href":"https:\/\/cftc-syntec.fr\/testimport\/wp-json\/wp\/v2\/tags?post=5084"}],"curies":[{"name":"wp","href":"https:\/\/api.w.org\/{rel}","templated":true}]}}