{"id":5086,"date":"2025-04-07T11:38:44","date_gmt":"2025-04-07T09:38:44","guid":{"rendered":"https:\/\/cftc-syntec.fr\/testimport\/snppelac-les-enjeux-2025\/"},"modified":"2025-04-07T11:38:44","modified_gmt":"2025-04-07T09:38:44","slug":"snppelac-les-enjeux-2025","status":"publish","type":"post","link":"https:\/\/cftc-syntec.fr\/testimport\/snppelac-les-enjeux-2025\/","title":{"rendered":"SNPPELAC \u2013 LES ENJEUX 2025"},"content":{"rendered":"<p><strong>Le Syndicat National des Personnels du Papier-Carton, de l\u2019\u00c9dition, de la Librairies et Activit\u00e9s Connexes (SNPPELAC) se pr\u00e9pare \u00e0 une ann\u00e9e 2025 riche en d\u00e9veloppements strat\u00e9giques. Plusieurs actions sont en cours afin de renforcer la structuration et l\u2019influence du syndicat dans ses diff\u00e9rents secteurs d\u2019activit\u00e9.<\/strong><\/p>\n<p>Parmi les priorit\u00e9s d\u00e9finies, plusieurs axes de travail ont \u00e9t\u00e9 identifi\u00e9s :<\/p>\n<p>Structuration du syndicat : rassemblement des adh\u00e9rents sur la plateforme Inaric.<br \/>\n\u00a0Communication et outils administratifs : finalisation du site internet, du logo, du bulletin d\u2019adh\u00e9sion et des notes de frais.<br \/>\nImplantation physique : location d\u2019un local au sein de la F\u00e9d\u00e9ration.<br \/>\nN\u00e9gociation sectorielle : recherche de solutions pour optimiser les discussions sur les Plans d\u2019Actions Prioritaires (PAP) des secteurs concern\u00e9s.<\/p>\n<p>L\u2019objectif est de finaliser ces d\u00e9marches avant juin 2025.<\/p>\n<p>La situation actuelle de l\u2019entreprise Cenpa permet de mieux comprendre les enjeux et les \u00e9volutions en cours dans le secteur des papeteries. En effet, en janvier 2025, Cenpa a \u00e9t\u00e9 plac\u00e9e en redressement judiciaire et est actuellement \u00e0 la recherche d\u2019un repreneur.<\/p>\n<p>\nConcernant l\u2019\u00e9dition, le SNPPELAC souhaite mettre en place un moyen de fluidifier la circulation des <br \/>\ninformations, afin de favoriser un acc\u00e8s \u00e0 des perspectives plus diversifi\u00e9es.<\/p>\n<p><span><strong> Ricoh France, le douloureux dossier 2025<\/strong><\/span><\/p>\n<p>Lors d\u2019un r\u00e9cent Conseil du Syndicat, un Plan de Sauvegarde de l\u2019Emploi (PSE) de Ricoh France a \u00e9t\u00e9 pr\u00e9sent\u00e9. Il concerne 200 salari\u00e9s, dont la majorit\u00e9 optera pour un Plan de D\u00e9part Volontaire (PDV). Les mesures associ\u00e9es incluent des indemnisations supra-l\u00e9gales ainsi qu\u2019un accompagnement par un cabinet de reclassement, dot\u00e9 d\u2019un budget de 22\u202fmillions d\u2019euros. De plus, une indemnit\u00e9 de deux ans est pr\u00e9vue pour les cadres ayant de l\u2019anciennet\u00e9. Enfin, plusieurs structures seront fusionn\u00e9es afin d\u2019optimiser l\u2019organisation. La moyenne d\u2019\u00e2ge des salari\u00e9s concern\u00e9s est de 50 ans. Christophe Menu participe \u00e0 la commission de suivi de ce plan. Dans le cadre du PSE de Ricoh, les accords de substitution li\u00e9s aux mesures IDCC de la m\u00e9tallurgie sont maintenus. Par ailleurs, cinq des sept d\u00e9l\u00e9gu\u00e9s syndicaux (DS) de la CFTC pr\u00e9voient de quitter l\u2019entreprise. Les \u00e9lections professionnelles, initialement pr\u00e9vues pour janvier 2025, ont \u00e9t\u00e9 repouss\u00e9es \u00e0 mars 2026, \u00e0 la suite d\u2019un accord sign\u00e9 par toutes les organisations syndicales. De plus, une autre entreprise du groupe pourrait fusionner avec Ricoh. Enfin, la CFDT et la CGC sont les principaux syndicats en place, tandis que la CFTC dispose d\u2019une repr\u00e9sentativit\u00e9 de 15 %.<\/p>\n<p>L\u2019article <a href=\"https:\/\/www.cftcmediaplus.fr\/papier-carton\/snppelac-les-enjeux-2025\">SNPPELAC \u2013 LES ENJEUX 2025<\/a> est apparu en premier sur <a href=\"https:\/\/www.cftcmediaplus.fr\/\">CFTC Media Plus<\/a>.<\/p>\n","protected":false},"excerpt":{"rendered":"<p>Le Syndicat National des Personnels du Papier-Carton, de l\u2019\u00c9dition, de la Librairies et Activit\u00e9s Connexes (SNPPELAC) se pr\u00e9pare \u00e0 une ann\u00e9e 2025 riche en d\u00e9veloppements strat\u00e9giques. Plusieurs actions sont en cours afin de renforcer la structuration et l\u2019influence du syndicat dans ses diff\u00e9rents secteurs d\u2019activit\u00e9. Parmi les priorit\u00e9s d\u00e9finies, plusieurs axes de travail ont \u00e9t\u00e9 [&hellip;]<\/p>\n","protected":false},"author":0,"featured_media":0,"comment_status":"open","ping_status":"open","sticky":false,"template":"","format":"standard","meta":[],"categories":[1],"tags":[],"_links":{"self":[{"href":"https:\/\/cftc-syntec.fr\/testimport\/wp-json\/wp\/v2\/posts\/5086"}],"collection":[{"href":"https:\/\/cftc-syntec.fr\/testimport\/wp-json\/wp\/v2\/posts"}],"about":[{"href":"https:\/\/cftc-syntec.fr\/testimport\/wp-json\/wp\/v2\/types\/post"}],"replies":[{"embeddable":true,"href":"https:\/\/cftc-syntec.fr\/testimport\/wp-json\/wp\/v2\/comments?post=5086"}],"version-history":[{"count":0,"href":"https:\/\/cftc-syntec.fr\/testimport\/wp-json\/wp\/v2\/posts\/5086\/revisions"}],"wp:attachment":[{"href":"https:\/\/cftc-syntec.fr\/testimport\/wp-json\/wp\/v2\/media?parent=5086"}],"wp:term":[{"taxonomy":"category","embeddable":true,"href":"https:\/\/cftc-syntec.fr\/testimport\/wp-json\/wp\/v2\/categories?post=5086"},{"taxonomy":"post_tag","embeddable":true,"href":"https:\/\/cftc-syntec.fr\/testimport\/wp-json\/wp\/v2\/tags?post=5086"}],"curies":[{"name":"wp","href":"https:\/\/api.w.org\/{rel}","templated":true}]}}