{"id":5101,"date":"2025-04-15T10:22:45","date_gmt":"2025-04-15T08:22:45","guid":{"rendered":"https:\/\/cftc-syntec.fr\/testimport\/aurelie-chasseboeuf-une-militante-convaincue-pour-promouvoir-la-place-des-femmes\/"},"modified":"2025-04-15T10:22:45","modified_gmt":"2025-04-15T08:22:45","slug":"aurelie-chasseboeuf-une-militante-convaincue-pour-promouvoir-la-place-des-femmes","status":"publish","type":"post","link":"https:\/\/cftc-syntec.fr\/testimport\/aurelie-chasseboeuf-une-militante-convaincue-pour-promouvoir-la-place-des-femmes\/","title":{"rendered":"AUR\u00c9LIE CHASSEBOEUF \u2013 UNE MILITANTE CONVAINCUE POUR PROMOUVOIR LA PLACE DES FEMMES"},"content":{"rendered":"<p><strong>\u00c0 l\u2019occasion de la Journ\u00e9e Internationale des Droits des Femmes, nous souhaitons mettre en lumi\u00e8re le travail et l\u2019engagement exemplaire d\u2019Aur\u00e9lie Chasseboeuf, secr\u00e9taire conf\u00e9d\u00e9rale CFTC en charge de l\u2019\u00e9galit\u00e9 femmes\/ hommes. Forte de ses missions \u00e0 la fois internes et externes, elle joue un r\u00f4le d\u00e9terminant pour promouvoir l\u2019\u00e9galit\u00e9 femmes-hommes au sein du mouvement syndical et au-del\u00e0.<\/strong><\/p>\n<p>En tant que membre du Haut Conseil \u00e0 l\u2019\u00e9galit\u00e9, Aur\u00e9lie Chasseboeuf collabore avec diverses organisations pour produire des rapports destin\u00e9s au Premier ministre. Elle encourage d\u2019ailleurs les conseillers f\u00e9d\u00e9raux \u00e0 consulter ces rapports disponibles sur le site du Haut Conseil \u00e0 l\u2019\u00e9galit\u00e9.<\/p>\n<p>\nAu sein de la CFTC, elle poursuit son objectif de f\u00e9miniser le mouvement. Si des progr\u00e8s ont \u00e9t\u00e9 r\u00e9alis\u00e9s, notamment depuis le dernier Congr\u00e8s \u00e0 Rennes, des d\u00e9fis persistent. Le principal obstacle reste la difficult\u00e9 \u00e0 nommer des femmes \u00e0 des postes dirigeants, souvent confront\u00e9es \u00e0 des imp\u00e9ratifs familiaux et parfois h\u00e9sitantes en cas de conflit. \u00c0 l\u2019\u00e9chelle nationale, les femmes repr\u00e9sentent 46,2 % des adh\u00e9rents, avec des chiffres encourageants dans certains postes. Cependant, les pr\u00e9sidences de f\u00e9d\u00e9ration restent largement domin\u00e9es par les hommes.<\/p>\n<p>\nDans cette dynamique, Aur\u00e9lie a lanc\u00e9 un appel \u00e0 candidatures pour inciter chaque F\u00e9d\u00e9ration et UD \u00e0 d\u00e9signer des r\u00e9f\u00e9rents f\u00e9minins, dans l\u2019objectif de renforcer le r\u00e9seau de soutien qu\u2019elle a mis en place. Elle insiste sur l\u2019importance de l\u2019accompagnement et de la formation des militants, tant f\u00e9minins que masculins, pour les pr\u00e9parer aux r\u00f4les de leadership.<\/p>\n<p>\nAur\u00e9lie Chasseboeuf souligne aussi l\u2019importance d\u2019inclure la parit\u00e9 dans des instances comme la Commission jeunes et de favoriser les \u00e9changes lors du forum Femmes et militantes. Des podcasts th\u00e9matiques, abordant des sujets comme la conciliation entre vie professionnelle et vie personnelle, ont \u00e9galement \u00e9t\u00e9 r\u00e9alis\u00e9s, impliquant des femmes dirigeantes pour inspirer les nouvelles g\u00e9n\u00e9rations.<\/p>\n<p>Aur\u00e9lie est convaincue que la cl\u00e9 r\u00e9side dans l\u2019encouragement des femmes ayant les qualit\u00e9s requises pour diriger, sans tomber dans le pi\u00e8ge de la discrimination positive. Son objectif n\u2019est pas de segmenter le mouvement, mais de promouvoir une approche inclusive o\u00f9 hommes et femmes travaillent main dans la main.<\/p>\n<p>Si des progr\u00e8s restent \u00e0 faire, la CFTC, sous la direction d\u2019Aur\u00e9lie Chasseboeuf, montre un v\u00e9ritable engagement pour l\u2019\u00e9galit\u00e9 des sexes et l\u2019accompagnement des femmes dans leurs parcours professionnel et militant.<\/p>\n<p>L\u2019article <a href=\"https:\/\/www.cftcmediaplus.fr\/federation\/aurelie-chasseboeuf-une-militante-convaincue-pour-promouvoir-la-place-des-femmes\">AUR\u00c9LIE CHASSEBOEUF \u2013 UNE MILITANTE CONVAINCUE POUR PROMOUVOIR LA PLACE DES FEMMES<\/a> est apparu en premier sur <a href=\"https:\/\/www.cftcmediaplus.fr\/\">CFTC Media Plus<\/a>.<\/p>\n","protected":false},"excerpt":{"rendered":"<p>\u00c0 l\u2019occasion de la Journ\u00e9e Internationale des Droits des Femmes, nous souhaitons mettre en lumi\u00e8re le travail et l\u2019engagement exemplaire d\u2019Aur\u00e9lie Chasseboeuf, secr\u00e9taire conf\u00e9d\u00e9rale CFTC en charge de l\u2019\u00e9galit\u00e9 femmes\/ hommes. Forte de ses missions \u00e0 la fois internes et externes, elle joue un r\u00f4le d\u00e9terminant pour promouvoir l\u2019\u00e9galit\u00e9 femmes-hommes au sein du mouvement syndical [&hellip;]<\/p>\n","protected":false},"author":0,"featured_media":0,"comment_status":"open","ping_status":"open","sticky":false,"template":"","format":"standard","meta":[],"categories":[1],"tags":[],"_links":{"self":[{"href":"https:\/\/cftc-syntec.fr\/testimport\/wp-json\/wp\/v2\/posts\/5101"}],"collection":[{"href":"https:\/\/cftc-syntec.fr\/testimport\/wp-json\/wp\/v2\/posts"}],"about":[{"href":"https:\/\/cftc-syntec.fr\/testimport\/wp-json\/wp\/v2\/types\/post"}],"replies":[{"embeddable":true,"href":"https:\/\/cftc-syntec.fr\/testimport\/wp-json\/wp\/v2\/comments?post=5101"}],"version-history":[{"count":0,"href":"https:\/\/cftc-syntec.fr\/testimport\/wp-json\/wp\/v2\/posts\/5101\/revisions"}],"wp:attachment":[{"href":"https:\/\/cftc-syntec.fr\/testimport\/wp-json\/wp\/v2\/media?parent=5101"}],"wp:term":[{"taxonomy":"category","embeddable":true,"href":"https:\/\/cftc-syntec.fr\/testimport\/wp-json\/wp\/v2\/categories?post=5101"},{"taxonomy":"post_tag","embeddable":true,"href":"https:\/\/cftc-syntec.fr\/testimport\/wp-json\/wp\/v2\/tags?post=5101"}],"curies":[{"name":"wp","href":"https:\/\/api.w.org\/{rel}","templated":true}]}}