{"id":5105,"date":"2025-04-16T08:12:27","date_gmt":"2025-04-16T06:12:27","guid":{"rendered":"https:\/\/cftc-syntec.fr\/testimport\/reforme-du-rsa-un-nouveau-bareme-de-sanctions-au-detriment-de-laccompagnement\/"},"modified":"2025-04-16T08:12:27","modified_gmt":"2025-04-16T06:12:27","slug":"reforme-du-rsa-un-nouveau-bareme-de-sanctions-au-detriment-de-laccompagnement","status":"publish","type":"post","link":"https:\/\/cftc-syntec.fr\/testimport\/reforme-du-rsa-un-nouveau-bareme-de-sanctions-au-detriment-de-laccompagnement\/","title":{"rendered":"R\u00e9forme du RSA : un nouveau bar\u00e8me de sanctions, au d\u00e9triment de l\u2019accompagnement"},"content":{"rendered":"<p>Cet article <a href=\"https:\/\/www.cftc.fr\/actualites\/reforme-du-rsa-un-nouveau-bareme-de-sanctions-au-detriment-de-laccompagnement\">R\u00e9forme du RSA : un nouveau bar\u00e8me de sanctions, au d\u00e9triment de l\u2019accompagnement<\/a> est apparu en premier sur <a href=\"https:\/\/www.cftc.fr\/\">CFTC<\/a>.<\/p>\n","protected":false},"excerpt":{"rendered":"<p>Cet article R\u00e9forme du RSA : un nouveau bar\u00e8me de sanctions, au d\u00e9triment de l\u2019accompagnement est apparu en premier sur CFTC.<\/p>\n","protected":false},"author":0,"featured_media":0,"comment_status":"open","ping_status":"open","sticky":false,"template":"","format":"standard","meta":[],"categories":[1],"tags":[],"_links":{"self":[{"href":"https:\/\/cftc-syntec.fr\/testimport\/wp-json\/wp\/v2\/posts\/5105"}],"collection":[{"href":"https:\/\/cftc-syntec.fr\/testimport\/wp-json\/wp\/v2\/posts"}],"about":[{"href":"https:\/\/cftc-syntec.fr\/testimport\/wp-json\/wp\/v2\/types\/post"}],"replies":[{"embeddable":true,"href":"https:\/\/cftc-syntec.fr\/testimport\/wp-json\/wp\/v2\/comments?post=5105"}],"version-history":[{"count":0,"href":"https:\/\/cftc-syntec.fr\/testimport\/wp-json\/wp\/v2\/posts\/5105\/revisions"}],"wp:attachment":[{"href":"https:\/\/cftc-syntec.fr\/testimport\/wp-json\/wp\/v2\/media?parent=5105"}],"wp:term":[{"taxonomy":"category","embeddable":true,"href":"https:\/\/cftc-syntec.fr\/testimport\/wp-json\/wp\/v2\/categories?post=5105"},{"taxonomy":"post_tag","embeddable":true,"href":"https:\/\/cftc-syntec.fr\/testimport\/wp-json\/wp\/v2\/tags?post=5105"}],"curies":[{"name":"wp","href":"https:\/\/api.w.org\/{rel}","templated":true}]}}