{"id":5108,"date":"2025-04-23T15:07:31","date_gmt":"2025-04-23T13:07:31","guid":{"rendered":"https:\/\/cftc-syntec.fr\/testimport\/deserts-medicaux-faut-il-restreindre-la-liberte-dinstallation-des-medecins\/"},"modified":"2025-04-23T15:07:31","modified_gmt":"2025-04-23T13:07:31","slug":"deserts-medicaux-faut-il-restreindre-la-liberte-dinstallation-des-medecins","status":"publish","type":"post","link":"https:\/\/cftc-syntec.fr\/testimport\/deserts-medicaux-faut-il-restreindre-la-liberte-dinstallation-des-medecins\/","title":{"rendered":"D\u00e9serts m\u00e9dicaux : faut-il restreindre la libert\u00e9 d\u2019installation des m\u00e9decins ?"},"content":{"rendered":"<p>Cet article <a href=\"https:\/\/www.cftc.fr\/actualites\/deserts-medicaux-faut-il-restreindre-la-liberte-dinstallation-des-medecins\">D\u00e9serts m\u00e9dicaux : faut-il restreindre la libert\u00e9 d\u2019installation des m\u00e9decins ?<\/a> est apparu en premier sur <a href=\"https:\/\/www.cftc.fr\/\">CFTC<\/a>.<\/p>\n","protected":false},"excerpt":{"rendered":"<p>Cet article D\u00e9serts m\u00e9dicaux : faut-il restreindre la libert\u00e9 d\u2019installation des m\u00e9decins ? est apparu en premier sur CFTC.<\/p>\n","protected":false},"author":0,"featured_media":0,"comment_status":"open","ping_status":"open","sticky":false,"template":"","format":"standard","meta":[],"categories":[1],"tags":[],"_links":{"self":[{"href":"https:\/\/cftc-syntec.fr\/testimport\/wp-json\/wp\/v2\/posts\/5108"}],"collection":[{"href":"https:\/\/cftc-syntec.fr\/testimport\/wp-json\/wp\/v2\/posts"}],"about":[{"href":"https:\/\/cftc-syntec.fr\/testimport\/wp-json\/wp\/v2\/types\/post"}],"replies":[{"embeddable":true,"href":"https:\/\/cftc-syntec.fr\/testimport\/wp-json\/wp\/v2\/comments?post=5108"}],"version-history":[{"count":0,"href":"https:\/\/cftc-syntec.fr\/testimport\/wp-json\/wp\/v2\/posts\/5108\/revisions"}],"wp:attachment":[{"href":"https:\/\/cftc-syntec.fr\/testimport\/wp-json\/wp\/v2\/media?parent=5108"}],"wp:term":[{"taxonomy":"category","embeddable":true,"href":"https:\/\/cftc-syntec.fr\/testimport\/wp-json\/wp\/v2\/categories?post=5108"},{"taxonomy":"post_tag","embeddable":true,"href":"https:\/\/cftc-syntec.fr\/testimport\/wp-json\/wp\/v2\/tags?post=5108"}],"curies":[{"name":"wp","href":"https:\/\/api.w.org\/{rel}","templated":true}]}}