{"id":5109,"date":"2025-04-24T18:06:32","date_gmt":"2025-04-24T16:06:32","guid":{"rendered":"https:\/\/cftc-syntec.fr\/testimport\/militantes-avec-patricia-le-bihan-mucci-le-syndicalisme-ma-apporte-enormement-dassurance\/"},"modified":"2025-04-24T18:06:32","modified_gmt":"2025-04-24T16:06:32","slug":"militantes-avec-patricia-le-bihan-mucci-le-syndicalisme-ma-apporte-enormement-dassurance","status":"publish","type":"post","link":"https:\/\/cftc-syntec.fr\/testimport\/militantes-avec-patricia-le-bihan-mucci-le-syndicalisme-ma-apporte-enormement-dassurance\/","title":{"rendered":"Militantes! avec Patricia Le Bihan-Mucci : \u00ab Le syndicalisme m\u2019a apport\u00e9 \u00e9norm\u00e9ment d\u2019assurance \u00bb"},"content":{"rendered":"<p>Cet article <a href=\"https:\/\/www.cftc.fr\/actualites\/visages-syndicalisme\/militantes-avec-patricia-le-bihan-mucci-le-syndicalisme-ma-apporte-enormement-dassurance\">Militantes! avec Patricia Le Bihan-Mucci : \u00ab Le syndicalisme m\u2019a apport\u00e9 \u00e9norm\u00e9ment d\u2019assurance \u00bb<\/a> est apparu en premier sur <a href=\"https:\/\/www.cftc.fr\/\">CFTC<\/a>.<\/p>\n","protected":false},"excerpt":{"rendered":"<p>Cet article Militantes! avec Patricia Le Bihan-Mucci : \u00ab Le syndicalisme m\u2019a apport\u00e9 \u00e9norm\u00e9ment d\u2019assurance \u00bb est apparu en premier sur CFTC.<\/p>\n","protected":false},"author":0,"featured_media":0,"comment_status":"open","ping_status":"open","sticky":false,"template":"","format":"standard","meta":[],"categories":[1],"tags":[],"_links":{"self":[{"href":"https:\/\/cftc-syntec.fr\/testimport\/wp-json\/wp\/v2\/posts\/5109"}],"collection":[{"href":"https:\/\/cftc-syntec.fr\/testimport\/wp-json\/wp\/v2\/posts"}],"about":[{"href":"https:\/\/cftc-syntec.fr\/testimport\/wp-json\/wp\/v2\/types\/post"}],"replies":[{"embeddable":true,"href":"https:\/\/cftc-syntec.fr\/testimport\/wp-json\/wp\/v2\/comments?post=5109"}],"version-history":[{"count":0,"href":"https:\/\/cftc-syntec.fr\/testimport\/wp-json\/wp\/v2\/posts\/5109\/revisions"}],"wp:attachment":[{"href":"https:\/\/cftc-syntec.fr\/testimport\/wp-json\/wp\/v2\/media?parent=5109"}],"wp:term":[{"taxonomy":"category","embeddable":true,"href":"https:\/\/cftc-syntec.fr\/testimport\/wp-json\/wp\/v2\/categories?post=5109"},{"taxonomy":"post_tag","embeddable":true,"href":"https:\/\/cftc-syntec.fr\/testimport\/wp-json\/wp\/v2\/tags?post=5109"}],"curies":[{"name":"wp","href":"https:\/\/api.w.org\/{rel}","templated":true}]}}