{"id":5110,"date":"2025-04-28T13:15:41","date_gmt":"2025-04-28T11:15:41","guid":{"rendered":"https:\/\/cftc-syntec.fr\/testimport\/1er-mai-travaille-ou-chome-ce-que-dit-la-loi-ce-quen-pense-la-cftc\/"},"modified":"2025-04-28T13:15:41","modified_gmt":"2025-04-28T11:15:41","slug":"1er-mai-travaille-ou-chome-ce-que-dit-la-loi-ce-quen-pense-la-cftc","status":"publish","type":"post","link":"https:\/\/cftc-syntec.fr\/testimport\/1er-mai-travaille-ou-chome-ce-que-dit-la-loi-ce-quen-pense-la-cftc\/","title":{"rendered":"1er mai travaill\u00e9 ou ch\u00f4m\u00e9 : ce que dit la loi, ce qu\u2019en pense la CFTC"},"content":{"rendered":"<p>Cet article <a href=\"https:\/\/www.cftc.fr\/actualites\/1er-mai-travaille-ou-chome-ce-que-dit-la-loi-ce-quen-pense-la-cftc\">1er mai travaill\u00e9 ou ch\u00f4m\u00e9 : ce que dit la loi, ce qu\u2019en pense la CFTC<\/a> est apparu en premier sur <a href=\"https:\/\/www.cftc.fr\/\">CFTC<\/a>.<\/p>\n","protected":false},"excerpt":{"rendered":"<p>Cet article 1er mai travaill\u00e9 ou ch\u00f4m\u00e9 : ce que dit la loi, ce qu\u2019en pense la CFTC est apparu en premier sur CFTC.<\/p>\n","protected":false},"author":0,"featured_media":0,"comment_status":"open","ping_status":"open","sticky":false,"template":"","format":"standard","meta":[],"categories":[1],"tags":[],"_links":{"self":[{"href":"https:\/\/cftc-syntec.fr\/testimport\/wp-json\/wp\/v2\/posts\/5110"}],"collection":[{"href":"https:\/\/cftc-syntec.fr\/testimport\/wp-json\/wp\/v2\/posts"}],"about":[{"href":"https:\/\/cftc-syntec.fr\/testimport\/wp-json\/wp\/v2\/types\/post"}],"replies":[{"embeddable":true,"href":"https:\/\/cftc-syntec.fr\/testimport\/wp-json\/wp\/v2\/comments?post=5110"}],"version-history":[{"count":0,"href":"https:\/\/cftc-syntec.fr\/testimport\/wp-json\/wp\/v2\/posts\/5110\/revisions"}],"wp:attachment":[{"href":"https:\/\/cftc-syntec.fr\/testimport\/wp-json\/wp\/v2\/media?parent=5110"}],"wp:term":[{"taxonomy":"category","embeddable":true,"href":"https:\/\/cftc-syntec.fr\/testimport\/wp-json\/wp\/v2\/categories?post=5110"},{"taxonomy":"post_tag","embeddable":true,"href":"https:\/\/cftc-syntec.fr\/testimport\/wp-json\/wp\/v2\/tags?post=5110"}],"curies":[{"name":"wp","href":"https:\/\/api.w.org\/{rel}","templated":true}]}}