{"id":5113,"date":"2025-05-08T13:39:34","date_gmt":"2025-05-08T11:39:34","guid":{"rendered":"https:\/\/cftc-syntec.fr\/testimport\/attaques-contre-les-prisons-les-agents-penitentiaires-veulent-pouvoir-faire-leur-travail-dans-des-conditions-dignes-et-securisees\/"},"modified":"2025-05-08T13:39:34","modified_gmt":"2025-05-08T11:39:34","slug":"attaques-contre-les-prisons-les-agents-penitentiaires-veulent-pouvoir-faire-leur-travail-dans-des-conditions-dignes-et-securisees","status":"publish","type":"post","link":"https:\/\/cftc-syntec.fr\/testimport\/attaques-contre-les-prisons-les-agents-penitentiaires-veulent-pouvoir-faire-leur-travail-dans-des-conditions-dignes-et-securisees\/","title":{"rendered":"Attaques contre les prisons : \u00ab Les agents p\u00e9nitentiaires veulent pouvoir faire leur travail dans des conditions dignes et s\u00e9curis\u00e9es \u00bb"},"content":{"rendered":"<p>Cet article <a href=\"https:\/\/www.cftc.fr\/actualites\/attaques-contre-les-prisons-les-agents-penitentiaires-veulent-pouvoir-faire-leur-travail-dans-des-conditions-dignes-et-securisees\">Attaques contre les prisons : \u00ab Les agents p\u00e9nitentiaires veulent pouvoir faire leur travail dans des conditions dignes et s\u00e9curis\u00e9es \u00bb<\/a> est apparu en premier sur <a href=\"https:\/\/www.cftc.fr\/\">CFTC<\/a>.<\/p>\n","protected":false},"excerpt":{"rendered":"<p>Cet article Attaques contre les prisons : \u00ab Les agents p\u00e9nitentiaires veulent pouvoir faire leur travail dans des conditions dignes et s\u00e9curis\u00e9es \u00bb est apparu en premier sur CFTC.<\/p>\n","protected":false},"author":0,"featured_media":0,"comment_status":"open","ping_status":"open","sticky":false,"template":"","format":"standard","meta":[],"categories":[1],"tags":[],"_links":{"self":[{"href":"https:\/\/cftc-syntec.fr\/testimport\/wp-json\/wp\/v2\/posts\/5113"}],"collection":[{"href":"https:\/\/cftc-syntec.fr\/testimport\/wp-json\/wp\/v2\/posts"}],"about":[{"href":"https:\/\/cftc-syntec.fr\/testimport\/wp-json\/wp\/v2\/types\/post"}],"replies":[{"embeddable":true,"href":"https:\/\/cftc-syntec.fr\/testimport\/wp-json\/wp\/v2\/comments?post=5113"}],"version-history":[{"count":0,"href":"https:\/\/cftc-syntec.fr\/testimport\/wp-json\/wp\/v2\/posts\/5113\/revisions"}],"wp:attachment":[{"href":"https:\/\/cftc-syntec.fr\/testimport\/wp-json\/wp\/v2\/media?parent=5113"}],"wp:term":[{"taxonomy":"category","embeddable":true,"href":"https:\/\/cftc-syntec.fr\/testimport\/wp-json\/wp\/v2\/categories?post=5113"},{"taxonomy":"post_tag","embeddable":true,"href":"https:\/\/cftc-syntec.fr\/testimport\/wp-json\/wp\/v2\/tags?post=5113"}],"curies":[{"name":"wp","href":"https:\/\/api.w.org\/{rel}","templated":true}]}}