{"id":5119,"date":"2025-05-19T10:09:03","date_gmt":"2025-05-19T08:09:03","guid":{"rendered":"https:\/\/cftc-syntec.fr\/testimport\/greve-a-lidl-sur-rmc-la-cftc-denonce-la-generalisation-du-travail-le-dimanche\/"},"modified":"2025-05-19T10:09:03","modified_gmt":"2025-05-19T08:09:03","slug":"greve-a-lidl-sur-rmc-la-cftc-denonce-la-generalisation-du-travail-le-dimanche","status":"publish","type":"post","link":"https:\/\/cftc-syntec.fr\/testimport\/greve-a-lidl-sur-rmc-la-cftc-denonce-la-generalisation-du-travail-le-dimanche\/","title":{"rendered":"Gr\u00e8ve \u00e0 Lidl : sur RMC, la CFTC d\u00e9nonce la g\u00e9n\u00e9ralisation du travail le dimanche"},"content":{"rendered":"<p>Cet article <a href=\"https:\/\/www.cftc.fr\/espace-presse\/cftc-dans-les-medias\/greve-a-lidl-sur-rmc-la-cftc-denonce-la-generalisation-du-travail-le-dimanche\">Gr\u00e8ve \u00e0 Lidl : sur RMC, la CFTC d\u00e9nonce la g\u00e9n\u00e9ralisation du travail le dimanche<\/a> est apparu en premier sur <a href=\"https:\/\/www.cftc.fr\/\">CFTC<\/a>.<\/p>\n","protected":false},"excerpt":{"rendered":"<p>Cet article Gr\u00e8ve \u00e0 Lidl : sur RMC, la CFTC d\u00e9nonce la g\u00e9n\u00e9ralisation du travail le dimanche est apparu en premier sur CFTC.<\/p>\n","protected":false},"author":0,"featured_media":0,"comment_status":"open","ping_status":"open","sticky":false,"template":"","format":"standard","meta":[],"categories":[1],"tags":[],"_links":{"self":[{"href":"https:\/\/cftc-syntec.fr\/testimport\/wp-json\/wp\/v2\/posts\/5119"}],"collection":[{"href":"https:\/\/cftc-syntec.fr\/testimport\/wp-json\/wp\/v2\/posts"}],"about":[{"href":"https:\/\/cftc-syntec.fr\/testimport\/wp-json\/wp\/v2\/types\/post"}],"replies":[{"embeddable":true,"href":"https:\/\/cftc-syntec.fr\/testimport\/wp-json\/wp\/v2\/comments?post=5119"}],"version-history":[{"count":0,"href":"https:\/\/cftc-syntec.fr\/testimport\/wp-json\/wp\/v2\/posts\/5119\/revisions"}],"wp:attachment":[{"href":"https:\/\/cftc-syntec.fr\/testimport\/wp-json\/wp\/v2\/media?parent=5119"}],"wp:term":[{"taxonomy":"category","embeddable":true,"href":"https:\/\/cftc-syntec.fr\/testimport\/wp-json\/wp\/v2\/categories?post=5119"},{"taxonomy":"post_tag","embeddable":true,"href":"https:\/\/cftc-syntec.fr\/testimport\/wp-json\/wp\/v2\/tags?post=5119"}],"curies":[{"name":"wp","href":"https:\/\/api.w.org\/{rel}","templated":true}]}}