{"id":5130,"date":"2025-06-20T12:07:32","date_gmt":"2025-06-20T10:07:32","guid":{"rendered":"https:\/\/cftc-syntec.fr\/testimport\/fortes-chaleurs-au-travail-les-salaries-sont-ils-suffisamment-proteges\/"},"modified":"2025-06-20T12:07:32","modified_gmt":"2025-06-20T10:07:32","slug":"fortes-chaleurs-au-travail-les-salaries-sont-ils-suffisamment-proteges","status":"publish","type":"post","link":"https:\/\/cftc-syntec.fr\/testimport\/fortes-chaleurs-au-travail-les-salaries-sont-ils-suffisamment-proteges\/","title":{"rendered":"Fortes chaleurs au travail : les salari\u00e9s sont-ils suffisamment prot\u00e9g\u00e9s ?"},"content":{"rendered":"<p>Cet article <a href=\"https:\/\/www.cftc.fr\/actualites\/fortes-chaleurs-au-travail-les-salaries-sont-ils-suffisamment-proteges\">Fortes chaleurs au travail : les salari\u00e9s sont-ils suffisamment prot\u00e9g\u00e9s ?<\/a> est apparu en premier sur <a href=\"https:\/\/www.cftc.fr\/\">CFTC<\/a>.<\/p>\n","protected":false},"excerpt":{"rendered":"<p>Cet article Fortes chaleurs au travail : les salari\u00e9s sont-ils suffisamment prot\u00e9g\u00e9s ? est apparu en premier sur CFTC.<\/p>\n","protected":false},"author":0,"featured_media":0,"comment_status":"open","ping_status":"open","sticky":false,"template":"","format":"standard","meta":[],"categories":[1],"tags":[],"_links":{"self":[{"href":"https:\/\/cftc-syntec.fr\/testimport\/wp-json\/wp\/v2\/posts\/5130"}],"collection":[{"href":"https:\/\/cftc-syntec.fr\/testimport\/wp-json\/wp\/v2\/posts"}],"about":[{"href":"https:\/\/cftc-syntec.fr\/testimport\/wp-json\/wp\/v2\/types\/post"}],"replies":[{"embeddable":true,"href":"https:\/\/cftc-syntec.fr\/testimport\/wp-json\/wp\/v2\/comments?post=5130"}],"version-history":[{"count":0,"href":"https:\/\/cftc-syntec.fr\/testimport\/wp-json\/wp\/v2\/posts\/5130\/revisions"}],"wp:attachment":[{"href":"https:\/\/cftc-syntec.fr\/testimport\/wp-json\/wp\/v2\/media?parent=5130"}],"wp:term":[{"taxonomy":"category","embeddable":true,"href":"https:\/\/cftc-syntec.fr\/testimport\/wp-json\/wp\/v2\/categories?post=5130"},{"taxonomy":"post_tag","embeddable":true,"href":"https:\/\/cftc-syntec.fr\/testimport\/wp-json\/wp\/v2\/tags?post=5130"}],"curies":[{"name":"wp","href":"https:\/\/api.w.org\/{rel}","templated":true}]}}