{"id":5138,"date":"2025-06-27T16:21:27","date_gmt":"2025-06-27T14:21:27","guid":{"rendered":"https:\/\/cftc-syntec.fr\/testimport\/retraites-penibilite-et-efforts-partages-la-seule-voie-de-passage\/"},"modified":"2025-06-27T16:21:27","modified_gmt":"2025-06-27T14:21:27","slug":"retraites-penibilite-et-efforts-partages-la-seule-voie-de-passage","status":"publish","type":"post","link":"https:\/\/cftc-syntec.fr\/testimport\/retraites-penibilite-et-efforts-partages-la-seule-voie-de-passage\/","title":{"rendered":"Retraites : P\u00e9nibilit\u00e9 et efforts partag\u00e9s, la seule voie de passage"},"content":{"rendered":"<p>Cet article <a href=\"https:\/\/www.cftc.fr\/espace-presse\/retraites-penibilite-et-efforts-partages-la-seule-voie-de-passage\">Retraites : P\u00e9nibilit\u00e9 et efforts partag\u00e9s, la seule voie de passage<\/a> est apparu en premier sur <a href=\"https:\/\/www.cftc.fr\/\">CFTC<\/a>.<\/p>\n","protected":false},"excerpt":{"rendered":"<p>Cet article Retraites : P\u00e9nibilit\u00e9 et efforts partag\u00e9s, la seule voie de passage est apparu en premier sur CFTC.<\/p>\n","protected":false},"author":0,"featured_media":0,"comment_status":"open","ping_status":"open","sticky":false,"template":"","format":"standard","meta":[],"categories":[1],"tags":[],"_links":{"self":[{"href":"https:\/\/cftc-syntec.fr\/testimport\/wp-json\/wp\/v2\/posts\/5138"}],"collection":[{"href":"https:\/\/cftc-syntec.fr\/testimport\/wp-json\/wp\/v2\/posts"}],"about":[{"href":"https:\/\/cftc-syntec.fr\/testimport\/wp-json\/wp\/v2\/types\/post"}],"replies":[{"embeddable":true,"href":"https:\/\/cftc-syntec.fr\/testimport\/wp-json\/wp\/v2\/comments?post=5138"}],"version-history":[{"count":0,"href":"https:\/\/cftc-syntec.fr\/testimport\/wp-json\/wp\/v2\/posts\/5138\/revisions"}],"wp:attachment":[{"href":"https:\/\/cftc-syntec.fr\/testimport\/wp-json\/wp\/v2\/media?parent=5138"}],"wp:term":[{"taxonomy":"category","embeddable":true,"href":"https:\/\/cftc-syntec.fr\/testimport\/wp-json\/wp\/v2\/categories?post=5138"},{"taxonomy":"post_tag","embeddable":true,"href":"https:\/\/cftc-syntec.fr\/testimport\/wp-json\/wp\/v2\/tags?post=5138"}],"curies":[{"name":"wp","href":"https:\/\/api.w.org\/{rel}","templated":true}]}}