{"id":5140,"date":"2025-07-03T11:12:57","date_gmt":"2025-07-03T09:12:57","guid":{"rendered":"https:\/\/cftc-syntec.fr\/testimport\/journee-mondiale-de-la-fonction-publique\/"},"modified":"2025-07-03T11:12:57","modified_gmt":"2025-07-03T09:12:57","slug":"journee-mondiale-de-la-fonction-publique","status":"publish","type":"post","link":"https:\/\/cftc-syntec.fr\/testimport\/journee-mondiale-de-la-fonction-publique\/","title":{"rendered":"JOURN\u00c9E MONDIALE DE LA FONCTION PUBLIQUE"},"content":{"rendered":"<p>Ce 23 juin, la France c\u00e9l\u00e8bre deux \u00e9v\u00e9nements majeurs : la Journ\u00e9e mondiale de la Fonction publique et la Journ\u00e9e olympique. Deux occasions de mettre \u00e0 l\u2019honneur des valeurs universelles : engagement, solidarit\u00e9, d\u00e9passement de soi, service de l\u2019int\u00e9r\u00eat g\u00e9n\u00e9ral.<\/p>\n<p><a href=\"https:\/\/www.cftcmediaplus.fr\/wp-content\/uploads\/2025\/06\/JOURNEEMONDIALE-FONCTION-PUBLIQUE_AFFICHE_pages-to-jpg-0002.jpg\">Lire Plus<\/a><\/p>\n<p>L\u2019article <a href=\"https:\/\/www.cftcmediaplus.fr\/federation\/journee-mondiale-de-la-fonction-publique\">JOURN\u00c9E MONDIALE DE LA FONCTION PUBLIQUE<\/a> est apparu en premier sur <a href=\"https:\/\/www.cftcmediaplus.fr\/\">CFTC Media Plus<\/a>.<\/p>\n","protected":false},"excerpt":{"rendered":"<p>Ce 23 juin, la France c\u00e9l\u00e8bre deux \u00e9v\u00e9nements majeurs : la Journ\u00e9e mondiale de la Fonction publique et la Journ\u00e9e olympique. Deux occasions de mettre \u00e0 l\u2019honneur des valeurs universelles : engagement, solidarit\u00e9, d\u00e9passement de soi, service de l\u2019int\u00e9r\u00eat g\u00e9n\u00e9ral. Lire Plus L\u2019article JOURN\u00c9E MONDIALE DE LA FONCTION PUBLIQUE est apparu en premier sur CFTC [&hellip;]<\/p>\n","protected":false},"author":0,"featured_media":0,"comment_status":"open","ping_status":"open","sticky":false,"template":"","format":"standard","meta":[],"categories":[1],"tags":[],"_links":{"self":[{"href":"https:\/\/cftc-syntec.fr\/testimport\/wp-json\/wp\/v2\/posts\/5140"}],"collection":[{"href":"https:\/\/cftc-syntec.fr\/testimport\/wp-json\/wp\/v2\/posts"}],"about":[{"href":"https:\/\/cftc-syntec.fr\/testimport\/wp-json\/wp\/v2\/types\/post"}],"replies":[{"embeddable":true,"href":"https:\/\/cftc-syntec.fr\/testimport\/wp-json\/wp\/v2\/comments?post=5140"}],"version-history":[{"count":0,"href":"https:\/\/cftc-syntec.fr\/testimport\/wp-json\/wp\/v2\/posts\/5140\/revisions"}],"wp:attachment":[{"href":"https:\/\/cftc-syntec.fr\/testimport\/wp-json\/wp\/v2\/media?parent=5140"}],"wp:term":[{"taxonomy":"category","embeddable":true,"href":"https:\/\/cftc-syntec.fr\/testimport\/wp-json\/wp\/v2\/categories?post=5140"},{"taxonomy":"post_tag","embeddable":true,"href":"https:\/\/cftc-syntec.fr\/testimport\/wp-json\/wp\/v2\/tags?post=5140"}],"curies":[{"name":"wp","href":"https:\/\/api.w.org\/{rel}","templated":true}]}}