{"id":5141,"date":"2025-07-03T11:12:57","date_gmt":"2025-07-03T09:12:57","guid":{"rendered":"https:\/\/cftc-syntec.fr\/testimport\/assemblee-generale-du-syndicat-cftc-des-telecoms-en-ile-de-france\/"},"modified":"2025-07-03T11:12:57","modified_gmt":"2025-07-03T09:12:57","slug":"assemblee-generale-du-syndicat-cftc-des-telecoms-en-ile-de-france","status":"publish","type":"post","link":"https:\/\/cftc-syntec.fr\/testimport\/assemblee-generale-du-syndicat-cftc-des-telecoms-en-ile-de-france\/","title":{"rendered":"Assembl\u00e9e g\u00e9n\u00e9rale du syndicat CFTC des T\u00e9l\u00e9coms en Ile-de-France"},"content":{"rendered":"<p>Le 12 juin le syndicat des T\u00e9l\u00e9coms en Ile-de-France a tenu son AG \u00e0 Issy les Moulineaux en pr\u00e9sence de plus de 100 adh\u00e9rents et invit\u00e9s. Apr\u00e8s adoption du projet de statuts, des rapports d\u2019activit\u00e9 et de tr\u00e9sorerie, l\u2019AG a proc\u00e9d\u00e9 \u00e0 l\u2019\u00e9lection d\u2019un nouveau conseil qui a reconduit les dirigeants sortants : pr\u00e9sident, Thierry Geoffrin ; secr\u00e9taire g\u00e9n\u00e9rale, C\u00e9cilia Pereira ; tr\u00e9sorier, Karim Matri.<\/p>\n<p>L\u2019article <a href=\"https:\/\/www.cftcmediaplus.fr\/federation\/assemblee-generale-du-syndicat-cftc-des-telecoms-en-ile-de-france\">Assembl\u00e9e g\u00e9n\u00e9rale du syndicat CFTC des T\u00e9l\u00e9coms en Ile-de-France<\/a> est apparu en premier sur <a href=\"https:\/\/www.cftcmediaplus.fr\/\">CFTC Media Plus<\/a>.<\/p>\n","protected":false},"excerpt":{"rendered":"<p>Le 12 juin le syndicat des T\u00e9l\u00e9coms en Ile-de-France a tenu son AG \u00e0 Issy les Moulineaux en pr\u00e9sence de plus de 100 adh\u00e9rents et invit\u00e9s. Apr\u00e8s adoption du projet de statuts, des rapports d\u2019activit\u00e9 et de tr\u00e9sorerie, l\u2019AG a proc\u00e9d\u00e9 \u00e0 l\u2019\u00e9lection d\u2019un nouveau conseil qui a reconduit les dirigeants sortants : pr\u00e9sident, Thierry [&hellip;]<\/p>\n","protected":false},"author":0,"featured_media":0,"comment_status":"open","ping_status":"open","sticky":false,"template":"","format":"standard","meta":[],"categories":[1],"tags":[],"_links":{"self":[{"href":"https:\/\/cftc-syntec.fr\/testimport\/wp-json\/wp\/v2\/posts\/5141"}],"collection":[{"href":"https:\/\/cftc-syntec.fr\/testimport\/wp-json\/wp\/v2\/posts"}],"about":[{"href":"https:\/\/cftc-syntec.fr\/testimport\/wp-json\/wp\/v2\/types\/post"}],"replies":[{"embeddable":true,"href":"https:\/\/cftc-syntec.fr\/testimport\/wp-json\/wp\/v2\/comments?post=5141"}],"version-history":[{"count":0,"href":"https:\/\/cftc-syntec.fr\/testimport\/wp-json\/wp\/v2\/posts\/5141\/revisions"}],"wp:attachment":[{"href":"https:\/\/cftc-syntec.fr\/testimport\/wp-json\/wp\/v2\/media?parent=5141"}],"wp:term":[{"taxonomy":"category","embeddable":true,"href":"https:\/\/cftc-syntec.fr\/testimport\/wp-json\/wp\/v2\/categories?post=5141"},{"taxonomy":"post_tag","embeddable":true,"href":"https:\/\/cftc-syntec.fr\/testimport\/wp-json\/wp\/v2\/tags?post=5141"}],"curies":[{"name":"wp","href":"https:\/\/api.w.org\/{rel}","templated":true}]}}