{"id":5142,"date":"2025-07-03T11:12:57","date_gmt":"2025-07-03T09:12:57","guid":{"rendered":"https:\/\/cftc-syntec.fr\/testimport\/fusion-du-syndicat-postes-telecoms-pacac-avec-celui-des-alpes-maritime\/"},"modified":"2025-07-03T11:12:57","modified_gmt":"2025-07-03T09:12:57","slug":"fusion-du-syndicat-postes-telecoms-pacac-avec-celui-des-alpes-maritime","status":"publish","type":"post","link":"https:\/\/cftc-syntec.fr\/testimport\/fusion-du-syndicat-postes-telecoms-pacac-avec-celui-des-alpes-maritime\/","title":{"rendered":"Fusion du syndicat Postes-T\u00e9l\u00e9coms PACAC  avec celui des Alpes-Maritime"},"content":{"rendered":"<p>Vendredi 6 juin 2025 s\u2019est tenue \u00e0 Marseille l\u2019Assembl\u00e9e G\u00e9n\u00e9rale de fusion des syndicats Postes-T\u00e9l\u00e9coms PACAC et Postes-T\u00e9l\u00e9coms des Alpes-Maritimes. Lors de cette AG, les participants ont valid\u00e9 la fusion des deux syndicats.<\/p>\n<p>\nLe nouveau conseil syndical, \u00e9lu \u00e0 cette occasion, a constitu\u00e9 un bureau aux responsabilit\u00e9s clairement d\u00e9finies : pr\u00e9sident, Alain Macina ; secr\u00e9taire g\u00e9n\u00e9rale, Agn\u00e8s Georges ; tr\u00e9sorier, Wilfried Lario\u202f; vice-pr\u00e9sidents, Fabrice Brunet et Eric Schmitt\u202f; secr\u00e9taire g\u00e9n\u00e9ral adjoint, Fr\u00e9d\u00e9ric Derre et membre, Thierry Patenne.<\/p>\n<p>L\u2019article <a href=\"https:\/\/www.cftcmediaplus.fr\/federation\/fusion-du-syndicat-postes-telecoms-pacac-avec-celui-des-alpes-maritime\">Fusion du syndicat Postes-T\u00e9l\u00e9coms PACAC  avec celui des Alpes-Maritime<\/a> est apparu en premier sur <a href=\"https:\/\/www.cftcmediaplus.fr\/\">CFTC Media Plus<\/a>.<\/p>\n","protected":false},"excerpt":{"rendered":"<p>Vendredi 6 juin 2025 s\u2019est tenue \u00e0 Marseille l\u2019Assembl\u00e9e G\u00e9n\u00e9rale de fusion des syndicats Postes-T\u00e9l\u00e9coms PACAC et Postes-T\u00e9l\u00e9coms des Alpes-Maritimes. Lors de cette AG, les participants ont valid\u00e9 la fusion des deux syndicats. Le nouveau conseil syndical, \u00e9lu \u00e0 cette occasion, a constitu\u00e9 un bureau aux responsabilit\u00e9s clairement d\u00e9finies : pr\u00e9sident, Alain Macina ; secr\u00e9taire [&hellip;]<\/p>\n","protected":false},"author":0,"featured_media":0,"comment_status":"open","ping_status":"open","sticky":false,"template":"","format":"standard","meta":[],"categories":[1],"tags":[],"_links":{"self":[{"href":"https:\/\/cftc-syntec.fr\/testimport\/wp-json\/wp\/v2\/posts\/5142"}],"collection":[{"href":"https:\/\/cftc-syntec.fr\/testimport\/wp-json\/wp\/v2\/posts"}],"about":[{"href":"https:\/\/cftc-syntec.fr\/testimport\/wp-json\/wp\/v2\/types\/post"}],"replies":[{"embeddable":true,"href":"https:\/\/cftc-syntec.fr\/testimport\/wp-json\/wp\/v2\/comments?post=5142"}],"version-history":[{"count":0,"href":"https:\/\/cftc-syntec.fr\/testimport\/wp-json\/wp\/v2\/posts\/5142\/revisions"}],"wp:attachment":[{"href":"https:\/\/cftc-syntec.fr\/testimport\/wp-json\/wp\/v2\/media?parent=5142"}],"wp:term":[{"taxonomy":"category","embeddable":true,"href":"https:\/\/cftc-syntec.fr\/testimport\/wp-json\/wp\/v2\/categories?post=5142"},{"taxonomy":"post_tag","embeddable":true,"href":"https:\/\/cftc-syntec.fr\/testimport\/wp-json\/wp\/v2\/tags?post=5142"}],"curies":[{"name":"wp","href":"https:\/\/api.w.org\/{rel}","templated":true}]}}