{"id":5143,"date":"2025-07-03T11:12:57","date_gmt":"2025-07-03T09:12:57","guid":{"rendered":"https:\/\/cftc-syntec.fr\/testimport\/peut-on-refuser-une-modification-de-son-contrat-et-a-quel-prix\/"},"modified":"2025-07-03T11:12:57","modified_gmt":"2025-07-03T09:12:57","slug":"peut-on-refuser-une-modification-de-son-contrat-et-a-quel-prix","status":"publish","type":"post","link":"https:\/\/cftc-syntec.fr\/testimport\/peut-on-refuser-une-modification-de-son-contrat-et-a-quel-prix\/","title":{"rendered":"Peut-on refuser une modification de son contrat ? Et \u00e0 quel prix ?"},"content":{"rendered":"<p>La vie en entreprise n\u2019est pas fig\u00e9e. Les besoins de l\u2019employeur \u00e9voluent, et parfois, cela se traduit par des demandes de changement : de lieu de travail, d\u2019horaires, de missions, voire de r\u00e9mun\u00e9ration. Mais peut-on vraiment tout modifier dans un contrat de travail ? Et surtout : le salari\u00e9 peut-il refuser ? La r\u00e9ponse est oui, mais pas sans cons\u00e9quences.<\/p>\n<p>Le contrat de travail formalise un accord entre un employeur et un salari\u00e9. Il fixe notamment le poste occup\u00e9, la r\u00e9mun\u00e9ration, le lieu de travail, ou encore la dur\u00e9e du travail.<\/p>\n<p>Ces \u00e9l\u00e9ments constituent ce que l\u2019on appelle les clauses essentielles du contrat. D\u00e8s lors, toute modification de l\u2019un de ces \u00e9l\u00e9ments n\u00e9cessite l\u2019accord du salari\u00e9.<\/p>\n<p>Par exemple, si l\u2019employeur pr\u00e9voit un changement de lieu de travail d\u2019une ville \u00e0 une autre et que le contrat de travail ne pr\u00e9voit pas une clause de mobilit\u00e9, ce changement est constitutif d\u2019une modification du contrat.<\/p>\n<p><strong>Refuser, c\u2019est possible\u2026 mais parfois risqu\u00e9<\/strong><\/p>\n<p>Quand l\u2019employeur souhaite modifier un \u00e9l\u00e9ment essentiel du contrat, il doit obtenir l\u2019accord expr\u00e8s du salari\u00e9, \u00e0 l\u2019oral ou \u00e0 l\u2019\u00e9crit, m\u00eame s\u2019il est toujours recommand\u00e9 de formaliser ces modifications dans un avenant.<\/p>\n<p><strong>Et si le salari\u00e9 refuse ? <\/strong><\/p>\n<p>Il est dans son droit, mais cela peut conduire \u00e0 deux issues : L\u2019employeur renonce \u00e0 son projet ou engage une proc\u00e9dure de licenciement. En effet, le refus peut \u00eatre interpr\u00e9t\u00e9 comme un obstacle \u00e0 la poursuite du contrat. Il n\u2019y a pas de \u00ab\u00a0faute\u00a0\u00bb, mais l\u2019entreprise peut alors licencier pour cause r\u00e9elle et s\u00e9rieuse, en justifiant par exemple de contraintes \u00e9conomiques ou d\u2019une r\u00e9organisation.<\/p>\n<p>En revanche, si l\u2019employeur licencie le salari\u00e9 sans justification valable, il pourra contester ce licenciement aux prud\u2019hommes.<\/p>\n<p><strong>Et si ce n\u2019est pas une modification du contrat, mais un simple changement des conditions de travail ?<\/strong><\/p>\n<p>Tous les changements ne n\u00e9cessitent pas l\u2019accord du salari\u00e9. Ce que le droit appelle un changement des conditions de travail. Entre notamment dans cette cat\u00e9gorie une modification des horaires \u00e0 l\u2019int\u00e9rieur de la m\u00eame plage ou encore un changement d\u2019affectation sans changement de poste. Ces changements des conditions de travail du salari\u00e9 rel\u00e8vent du pouvoir de direction de l\u2019employeur et donc ne n\u00e9cessitera pas l\u2019accord pr\u00e9alable du salari\u00e9.<\/p>\n<p>Dans ce cas, le refus peut \u00eatre consid\u00e9r\u00e9 comme une insubordination et donc justifier une sanction disciplinaire, voire un licenciement pour faute.<\/p>\n<p><strong>Un \u00e9quilibre souvent d\u00e9favorable au salari\u00e9<\/strong><\/p>\n<p>Dans les faits, le salari\u00e9 est souvent plac\u00e9 devant un dilemme : accepter une modification qui le p\u00e9nalise avec des horaires \u00e9ventuellement plus contraignants, une mobilit\u00e9 non pr\u00e9vue ou risquer un licenciement.<\/p>\n<p>Il est donc important de bien lire chaque clause du contrat (surtout celles dites \u00ab\u00a0pi\u00e8ges\u00a0\u00bb, comme la mobilit\u00e9, l\u2019astreinte ou la variation de r\u00e9mun\u00e9ration), de se faire accompagner (par des \u00e9lus, un syndicat ou un juriste) et de ne jamais signer sous pression, sans d\u00e9lai de r\u00e9flexion.<\/p>\n<p><strong>Le r\u00f4le cl\u00e9 du dialogue social<\/strong><\/p>\n<p>Un salari\u00e9 isol\u00e9 est plus vuln\u00e9rable face \u00e0 une demande de modification. En revanche, lorsqu\u2019un employeur envisage des changements pour plusieurs personnes (\u00e9quipe, service\u2026), cela rel\u00e8ve souvent d\u2019un projet collectif, pouvant faire l\u2019objet d\u2019une consultation du CSE ou d\u2019une n\u00e9gociation syndicale. D\u2019o\u00f9 l\u2019utilit\u00e9 de se regrouper, d\u2019informer les \u00e9lus du personnel, et de d\u00e9fendre collectivement les conditions de travail au sein de son entreprise. N\u2019h\u00e9sitez donc pas \u00e0 vous rapprocher votre repr\u00e9sentant CFTC pour en parler\u00a0!<\/p>\n<p>L\u2019article <a href=\"https:\/\/www.cftcmediaplus.fr\/juridique\/peut-on-refuser-une-modification-de-son-contrat-et-a-quel-prix\">Peut-on refuser une modification de son contrat ? Et \u00e0 quel prix ?<\/a> est apparu en premier sur <a href=\"https:\/\/www.cftcmediaplus.fr\/\">CFTC Media Plus<\/a>.<\/p>\n","protected":false},"excerpt":{"rendered":"<p>La vie en entreprise n\u2019est pas fig\u00e9e. Les besoins de l\u2019employeur \u00e9voluent, et parfois, cela se traduit par des demandes de changement : de lieu de travail, d\u2019horaires, de missions, voire de r\u00e9mun\u00e9ration. Mais peut-on vraiment tout modifier dans un contrat de travail ? Et surtout : le salari\u00e9 peut-il refuser ? La r\u00e9ponse est [&hellip;]<\/p>\n","protected":false},"author":0,"featured_media":0,"comment_status":"open","ping_status":"open","sticky":false,"template":"","format":"standard","meta":[],"categories":[1],"tags":[],"_links":{"self":[{"href":"https:\/\/cftc-syntec.fr\/testimport\/wp-json\/wp\/v2\/posts\/5143"}],"collection":[{"href":"https:\/\/cftc-syntec.fr\/testimport\/wp-json\/wp\/v2\/posts"}],"about":[{"href":"https:\/\/cftc-syntec.fr\/testimport\/wp-json\/wp\/v2\/types\/post"}],"replies":[{"embeddable":true,"href":"https:\/\/cftc-syntec.fr\/testimport\/wp-json\/wp\/v2\/comments?post=5143"}],"version-history":[{"count":0,"href":"https:\/\/cftc-syntec.fr\/testimport\/wp-json\/wp\/v2\/posts\/5143\/revisions"}],"wp:attachment":[{"href":"https:\/\/cftc-syntec.fr\/testimport\/wp-json\/wp\/v2\/media?parent=5143"}],"wp:term":[{"taxonomy":"category","embeddable":true,"href":"https:\/\/cftc-syntec.fr\/testimport\/wp-json\/wp\/v2\/categories?post=5143"},{"taxonomy":"post_tag","embeddable":true,"href":"https:\/\/cftc-syntec.fr\/testimport\/wp-json\/wp\/v2\/tags?post=5143"}],"curies":[{"name":"wp","href":"https:\/\/api.w.org\/{rel}","templated":true}]}}