{"id":5144,"date":"2025-07-03T11:12:57","date_gmt":"2025-07-03T09:12:57","guid":{"rendered":"https:\/\/cftc-syntec.fr\/testimport\/le-syndicat-cftc-postes-telecoms-medias-com-calvados-orne-manche-pret-a-relever-les-defis-des-4-ans-a-venir\/"},"modified":"2025-07-03T11:12:57","modified_gmt":"2025-07-03T09:12:57","slug":"le-syndicat-cftc-postes-telecoms-medias-com-calvados-orne-manche-pret-a-relever-les-defis-des-4-ans-a-venir","status":"publish","type":"post","link":"https:\/\/cftc-syntec.fr\/testimport\/le-syndicat-cftc-postes-telecoms-medias-com-calvados-orne-manche-pret-a-relever-les-defis-des-4-ans-a-venir\/","title":{"rendered":"Le syndicat CFTC Postes T\u00e9l\u00e9coms M\u00e9dias COM Calvados-Orne-Manche pr\u00eat \u00e0 relever les d\u00e9fis des 4 ans \u00e0 venir"},"content":{"rendered":"<p>Le 2 juin dernier s\u2019est tenue \u00e0 Caen l\u2019Assembl\u00e9e g\u00e9n\u00e9rale du syndicat CFTC Postes T\u00e9l\u00e9coms M\u00e9dias COM Calvados-Orne-Manche. Un moment qui a permis de dresser le bilan des actions men\u00e9es, d\u2019\u00e9changer autour des enjeux \u00e0 venir, et surtout de renouveler une instance dirigeante. Le nouveau conseil est pr\u00eat \u00e0 relever les d\u00e9fis des quatre prochaines ann\u00e9es avec s\u00e9r\u00e9nit\u00e9, coh\u00e9sion et motivation.<\/p>\n<p>\nComposition du nouveau conseil : pr\u00e9sident, S\u00e9bastien Anfray ; 1\u00e8re vice-pr\u00e9sidente, Fabienne Berger ; 2e vice pr\u00e9sidente, Maryvonne Segouin\u202f; secr\u00e9taire, Marie No\u00eblle Bourhis ; secr\u00e9taires adjointes, Sabine Martin et Christelle Gayet ; tr\u00e9sori\u00e8re, Christel Chapron et tr\u00e9sori\u00e8re adjointe, V\u00e9ronique Tanguy.<\/p>\n<p>L\u2019article <a href=\"https:\/\/www.cftcmediaplus.fr\/federation\/le-syndicat-cftc-postes-telecoms-medias-com-calvados-orne-manche-pret-a-relever-les-defis-des-4-ans-a-venir\">Le syndicat CFTC Postes T\u00e9l\u00e9coms M\u00e9dias COM Calvados-Orne-Manche pr\u00eat \u00e0 relever les d\u00e9fis des 4 ans \u00e0 venir<\/a> est apparu en premier sur <a href=\"https:\/\/www.cftcmediaplus.fr\/\">CFTC Media Plus<\/a>.<\/p>\n","protected":false},"excerpt":{"rendered":"<p>Le 2 juin dernier s\u2019est tenue \u00e0 Caen l\u2019Assembl\u00e9e g\u00e9n\u00e9rale du syndicat CFTC Postes T\u00e9l\u00e9coms M\u00e9dias COM Calvados-Orne-Manche. Un moment qui a permis de dresser le bilan des actions men\u00e9es, d\u2019\u00e9changer autour des enjeux \u00e0 venir, et surtout de renouveler une instance dirigeante. Le nouveau conseil est pr\u00eat \u00e0 relever les d\u00e9fis des quatre prochaines [&hellip;]<\/p>\n","protected":false},"author":0,"featured_media":0,"comment_status":"open","ping_status":"open","sticky":false,"template":"","format":"standard","meta":[],"categories":[1],"tags":[],"_links":{"self":[{"href":"https:\/\/cftc-syntec.fr\/testimport\/wp-json\/wp\/v2\/posts\/5144"}],"collection":[{"href":"https:\/\/cftc-syntec.fr\/testimport\/wp-json\/wp\/v2\/posts"}],"about":[{"href":"https:\/\/cftc-syntec.fr\/testimport\/wp-json\/wp\/v2\/types\/post"}],"replies":[{"embeddable":true,"href":"https:\/\/cftc-syntec.fr\/testimport\/wp-json\/wp\/v2\/comments?post=5144"}],"version-history":[{"count":0,"href":"https:\/\/cftc-syntec.fr\/testimport\/wp-json\/wp\/v2\/posts\/5144\/revisions"}],"wp:attachment":[{"href":"https:\/\/cftc-syntec.fr\/testimport\/wp-json\/wp\/v2\/media?parent=5144"}],"wp:term":[{"taxonomy":"category","embeddable":true,"href":"https:\/\/cftc-syntec.fr\/testimport\/wp-json\/wp\/v2\/categories?post=5144"},{"taxonomy":"post_tag","embeddable":true,"href":"https:\/\/cftc-syntec.fr\/testimport\/wp-json\/wp\/v2\/tags?post=5144"}],"curies":[{"name":"wp","href":"https:\/\/api.w.org\/{rel}","templated":true}]}}