{"id":5146,"date":"2025-07-03T11:12:57","date_gmt":"2025-07-03T09:12:57","guid":{"rendered":"https:\/\/cftc-syntec.fr\/testimport\/un-seminaire-cle-pour-dynamiser-laction-cftc-a-la-poste\/"},"modified":"2025-07-03T11:12:57","modified_gmt":"2025-07-03T09:12:57","slug":"un-seminaire-cle-pour-dynamiser-laction-cftc-a-la-poste","status":"publish","type":"post","link":"https:\/\/cftc-syntec.fr\/testimport\/un-seminaire-cle-pour-dynamiser-laction-cftc-a-la-poste\/","title":{"rendered":"Un s\u00e9minaire cl\u00e9 pour dynamiser l\u2019action CFTC \u00e0 La Poste"},"content":{"rendered":"<p>Un s\u00e9minaire cl\u00e9 pour dynamiser l\u2019action CFTC \u00e0 La Poste avec les intervenants :<\/p>\n<p>Philippe Jacquot<br \/>\nJosiane Biron<br \/>\nFr\u00e9d\u00e9ric Barrat<br \/>\nTorsten Gardian<br \/>\nAgn\u00e8s Georges<br \/>\nBastien Melet<\/p>\n<p>\u00a0<\/p>\n<p>L\u2019article <a href=\"https:\/\/www.cftcmediaplus.fr\/federation\/un-seminaire-cle-pour-dynamiser-laction-cftc-a-la-poste\">Un s\u00e9minaire cl\u00e9 pour dynamiser l\u2019action CFTC \u00e0 La Poste<\/a> est apparu en premier sur <a href=\"https:\/\/www.cftcmediaplus.fr\/\">CFTC Media Plus<\/a>.<\/p>\n","protected":false},"excerpt":{"rendered":"<p>Un s\u00e9minaire cl\u00e9 pour dynamiser l\u2019action CFTC \u00e0 La Poste avec les intervenants : Philippe Jacquot Josiane Biron Fr\u00e9d\u00e9ric Barrat Torsten Gardian Agn\u00e8s Georges Bastien Melet \u00a0 L\u2019article Un s\u00e9minaire cl\u00e9 pour dynamiser l\u2019action CFTC \u00e0 La Poste est apparu en premier sur CFTC Media Plus.<\/p>\n","protected":false},"author":0,"featured_media":0,"comment_status":"open","ping_status":"open","sticky":false,"template":"","format":"standard","meta":[],"categories":[1],"tags":[],"_links":{"self":[{"href":"https:\/\/cftc-syntec.fr\/testimport\/wp-json\/wp\/v2\/posts\/5146"}],"collection":[{"href":"https:\/\/cftc-syntec.fr\/testimport\/wp-json\/wp\/v2\/posts"}],"about":[{"href":"https:\/\/cftc-syntec.fr\/testimport\/wp-json\/wp\/v2\/types\/post"}],"replies":[{"embeddable":true,"href":"https:\/\/cftc-syntec.fr\/testimport\/wp-json\/wp\/v2\/comments?post=5146"}],"version-history":[{"count":0,"href":"https:\/\/cftc-syntec.fr\/testimport\/wp-json\/wp\/v2\/posts\/5146\/revisions"}],"wp:attachment":[{"href":"https:\/\/cftc-syntec.fr\/testimport\/wp-json\/wp\/v2\/media?parent=5146"}],"wp:term":[{"taxonomy":"category","embeddable":true,"href":"https:\/\/cftc-syntec.fr\/testimport\/wp-json\/wp\/v2\/categories?post=5146"},{"taxonomy":"post_tag","embeddable":true,"href":"https:\/\/cftc-syntec.fr\/testimport\/wp-json\/wp\/v2\/tags?post=5146"}],"curies":[{"name":"wp","href":"https:\/\/api.w.org\/{rel}","templated":true}]}}