{"id":5148,"date":"2025-07-07T10:07:27","date_gmt":"2025-07-07T08:07:27","guid":{"rendered":"https:\/\/cftc-syntec.fr\/testimport\/editorial-11\/"},"modified":"2025-07-07T10:07:27","modified_gmt":"2025-07-07T08:07:27","slug":"editorial-11","status":"publish","type":"post","link":"https:\/\/cftc-syntec.fr\/testimport\/editorial-11\/","title":{"rendered":"\u00c9DITORIAL"},"content":{"rendered":"<p>Le premier semestre arrive d\u00e9j\u00e0 \u00e0 son terme. Dans un environnement toujours plus incertain, chaotique et chahut\u00e9, la CFTC a engrang\u00e9 de beaux succ\u00e8s depuis le d\u00e9but de l\u2019ann\u00e9e. Nous retiendrons notamment le magnifique r\u00e9sultat aux \u00e9lections des chambres d\u00e9partementales d\u2019agriculture o\u00f9 la CFTC obtient pr\u00e8s de 22% des suffrages et la repr\u00e9sentativit\u00e9 renforc\u00e9e \u00e0 9,58% de la CFTC \u00e0 l\u2019issue du 4\u00e8me cycle qui vient de s\u2019achever.<\/p>\n<p>Ainsi, plusieurs branches\u00a0 attach\u00e9es \u00e0 la F\u00e9d\u00e9ration Media+ ont contribu\u00e9 \u00e0 ce r\u00e9sultat en confirmant leur repr\u00e9sentativit\u00e9 comme la branche de la distribution des papiers-cartons commerce de gros, la branche de la production audiovisuelle, des la branche t\u00e9l\u00e9communications, la branche des bureaux d\u2019\u00e9tudes techniques, des d\u2019ing\u00e9nieurs-conseils cabinets et des soci\u00e9t\u00e9s de conseils, la branche des entreprises de logistique de communication \u00e9crite directe, la branche des entreprises au service de la cr\u00e9ation et de l\u2019\u00e9v\u00e8nement. Un grand merci\u00a0 \u00e0 tous nos militants qui, sur le terrain, jours apr\u00e8s jours, s\u00e8ment et labourent sans rel\u00e2che, pour obtenir ces r\u00e9sultats pr\u00e9cieux. Dans ce num\u00e9ro, un dossier est consacr\u00e9 \u00e0 la repr\u00e9sentativit\u00e9.<\/p>\n<p>Apr\u00e8s les \u00e9lections d\u2019octobre 2024, les CSE se mettent progressivement en place \u00e0 La Poste. Nos \u00e9lus et mandat\u00e9s sont confront\u00e9s \u00e0 plusieurs d\u00e9fis : s\u2019approprier ce nouveau mod\u00e8le compl\u00e9tement diff\u00e9rent du pr\u00e9c\u00e9dent avec des moyens tr\u00e8s fortement r\u00e9duits, mettre en place ces instances tr\u00e8s chronophages, faire vivre le dialogue social en promouvant les propositions de la CFTC malgr\u00e9 tout.\u00a0<\/p>\n<p>La Section Nationale La Poste (SNLP), sous l\u2019impulsion de la F\u00e9d\u00e9ration, s\u2019est dot\u00e9 d\u2019un nouveau r\u00e8glement int\u00e9rieur visant \u00e0 plus d\u2019agilit\u00e9 dans la d\u00e9clinaison des orientations et des actions de la CFTC \u00e0 La Poste et \u00e0 gagner la repr\u00e9sentativit\u00e9 aux prochaines \u00e9lections. Un nouveau Bureau de section a \u00e9t\u00e9 constitu\u00e9 (voir plus loin).\u00a0<\/p>\n<p>La premi\u00e8re \u00e9ch\u00e9ance que la nouvelle \u00e9quipe dirigeante de la SNLP doit pr\u00e9parer sera l\u2019\u00e9lection des <br \/>\nrepr\u00e9sentants du personnel au Conseil d\u2019Administration de La Poste qui aura lieu en d\u00e9cembre 2025. La SNLP et le secteur des Postes sont pleinement mobilis\u00e9s avec l\u2019objectif de conserver le si\u00e8ge gagn\u00e9 en 2020. Pour ce faire, il a \u00e9t\u00e9 d\u00e9cid\u00e9 de pr\u00e9senter une liste commune avec la CFE-CGC. La Poste comme nous l\u2019avions fait lors de la pr\u00e9c\u00e9dente \u00e9lection il y a 5 ans.<\/p>\n<p>Ce premier semestre aura aussi \u00e9t\u00e9 un temps fort pour plusieurs des syndicats de la F\u00e9d\u00e9ration. En mars dernier, le syndicat CFTC Postes et T\u00e9l\u00e9coms du Centre-Val de Loire a \u00e9t\u00e9 cr\u00e9\u00e9 permettant ainsi de mettre un terme \u00e0 la situation d\u2019isol\u00e9 des adh\u00e9rents travaillant dans cette r\u00e9gion. En juin se tiennent plusieurs Assembl\u00e9es g\u00e9n\u00e9rales de fusion de syndicats permettront d\u2019abord de mieux accompagner les adh\u00e9rents des syndicats en de\u00e7\u00e0 de la taille critique ou en carence de dirigeants, et aussi de s\u00e9curiser le fonctionnement des syndicats concern\u00e9s car ces derniers ne parvenaient plus \u00e0 assurer l\u2019int\u00e9gralit\u00e9 de leurs missions et, de ce fait, pourraient nous mettre en risque en termes de repr\u00e9sentativit\u00e9. Vous trouverez plus de pr\u00e9cisions plus loin dans ce num\u00e9ro. A noter que ces fusions \u00e9taient inscrite dans la motion d\u2019orientation adopt\u00e9e au congr\u00e8s f\u00e9d\u00e9ral de juin 2023.\u00a0<\/p>\n<p>Le prochain forum f\u00e9d\u00e9ral sur le th\u00e8me du handicap aura lieu le 30 septembre \u00e0 Paris. N\u2019oubliez pas de vous y inscrire avant de partir en vacances.<\/p>\n<p>\nBon \u00e9t\u00e9.<\/p>\n<p>L\u2019article <a href=\"https:\/\/www.cftcmediaplus.fr\/federation\/editorial-11\">\u00c9DITORIAL<\/a> est apparu en premier sur <a href=\"https:\/\/www.cftcmediaplus.fr\/\">CFTC Media Plus<\/a>.<\/p>\n","protected":false},"excerpt":{"rendered":"<p>Le premier semestre arrive d\u00e9j\u00e0 \u00e0 son terme. Dans un environnement toujours plus incertain, chaotique et chahut\u00e9, la CFTC a engrang\u00e9 de beaux succ\u00e8s depuis le d\u00e9but de l\u2019ann\u00e9e. Nous retiendrons notamment le magnifique r\u00e9sultat aux \u00e9lections des chambres d\u00e9partementales d\u2019agriculture o\u00f9 la CFTC obtient pr\u00e8s de 22% des suffrages et la repr\u00e9sentativit\u00e9 renforc\u00e9e \u00e0 [&hellip;]<\/p>\n","protected":false},"author":0,"featured_media":0,"comment_status":"open","ping_status":"open","sticky":false,"template":"","format":"standard","meta":[],"categories":[1],"tags":[],"_links":{"self":[{"href":"https:\/\/cftc-syntec.fr\/testimport\/wp-json\/wp\/v2\/posts\/5148"}],"collection":[{"href":"https:\/\/cftc-syntec.fr\/testimport\/wp-json\/wp\/v2\/posts"}],"about":[{"href":"https:\/\/cftc-syntec.fr\/testimport\/wp-json\/wp\/v2\/types\/post"}],"replies":[{"embeddable":true,"href":"https:\/\/cftc-syntec.fr\/testimport\/wp-json\/wp\/v2\/comments?post=5148"}],"version-history":[{"count":0,"href":"https:\/\/cftc-syntec.fr\/testimport\/wp-json\/wp\/v2\/posts\/5148\/revisions"}],"wp:attachment":[{"href":"https:\/\/cftc-syntec.fr\/testimport\/wp-json\/wp\/v2\/media?parent=5148"}],"wp:term":[{"taxonomy":"category","embeddable":true,"href":"https:\/\/cftc-syntec.fr\/testimport\/wp-json\/wp\/v2\/categories?post=5148"},{"taxonomy":"post_tag","embeddable":true,"href":"https:\/\/cftc-syntec.fr\/testimport\/wp-json\/wp\/v2\/tags?post=5148"}],"curies":[{"name":"wp","href":"https:\/\/api.w.org\/{rel}","templated":true}]}}