{"id":5149,"date":"2025-07-08T13:10:27","date_gmt":"2025-07-08T11:10:27","guid":{"rendered":"https:\/\/cftc-syntec.fr\/testimport\/representativite-syndicale-enjeux-realites-et-perspectives-dans-nos-branches-professionnelles\/"},"modified":"2025-07-08T13:10:27","modified_gmt":"2025-07-08T11:10:27","slug":"representativite-syndicale-enjeux-realites-et-perspectives-dans-nos-branches-professionnelles","status":"publish","type":"post","link":"https:\/\/cftc-syntec.fr\/testimport\/representativite-syndicale-enjeux-realites-et-perspectives-dans-nos-branches-professionnelles\/","title":{"rendered":"REPR\u00c9SENTATIVIT\u00c9 SYNDICALE :  ENJEUX, R\u00c9ALIT\u00c9S ET PERSPECTIVES DANS NOS BRANCHES PROFESSIONNELLES"},"content":{"rendered":"<p><strong> La repr\u00e9sentativit\u00e9 syndicale est bien plus qu\u2019un indicateur \u00e9lectoral. Elle conditionne la capacit\u00e9 des organisations \u00e0 n\u00e9gocier, \u00e0 d\u00e9fendre les droits des salari\u00e9s, et \u00e0 influer sur les d\u00e9cisions collectives dans chaque branche professionnelle. Quatre n\u00e9gociateurs de branche de la CFTC :<\/strong><\/p>\n<\/p>\n<p><strong>partagent leur vision du sujet, chacun dans leur secteur d\u2019activit\u00e9.<\/strong><\/p>\n<p><strong>Une mission syndicale au c\u0153ur du dialogue social<\/strong><br \/>\nDans leurs r\u00f4les respectifs, ces repr\u00e9sentants portent la voix de milliers de salari\u00e9s lors des n\u00e9gociations collectives de branche. Bernard Poisson, secr\u00e9taire g\u00e9n\u00e9ral adjoint de la F\u00e9d\u00e9ration Media+, repr\u00e9sente notamment la branche du routage postal et les entreprises du traitement de la presse. Il coordonne aussi les n\u00e9gociations relatives au secteur postal, incluant La Poste.<\/p>\n<p>\nOlivier Louise intervient, lui, dans le domaine des t\u00e9l\u00e9communications. Il explique que la d\u00e9l\u00e9gation CFTC n\u00e9gocie avec l\u2019organisation patronale HUMAPP pour d\u00e9fendre les int\u00e9r\u00eats des 90 000 salari\u00e9s du secteur priv\u00e9 des T\u00e9l\u00e9coms en France. Johann Decoux, il est le visage de la CFTC au sein du SNPPELAC, regroupant les secteurs du papier-carton, de l\u2019\u00e9dition et de la bureautique. Il agit dans le cadre du dialogue entre partenaires sociaux, notamment sur les conventions collectives de ces domaines.<\/p>\n<p>\nS\u00e9lim FAR\u00c8S, pour sa part, porte la voix des salari\u00e9s des branches de l\u2019audiovisuel et du spectacle vivant, o\u00f9 il n\u00e9gocie depuis plusieurs ann\u00e9es avec les employeurs pour am\u00e9liorer les conditions sociales et professionnelles. Il souligne que dans ces secteurs, la repr\u00e9sentativit\u00e9 syndicale est aussi une question de visibilit\u00e9 et d\u2019efficacit\u00e9 dans la r\u00e9action face aux propositions patronales, un enjeu d\u2019autant plus fort que les m\u00e9tiers \u00e9voluent rapidement avec l\u2019arriv\u00e9e de nouveaux profils (community manager, \u00e9co manager, coordinateur d\u2019intimit\u00e9, r\u00e9f\u00e9rent enfant\u2026).<\/p>\n<p><strong>Repr\u00e9sentativit\u00e9 : une reconnaissance indispensable<\/strong><br \/>\nTous insistent sur le fait que la repr\u00e9sentativit\u00e9 est une condition l\u00e9gale pour participer aux n\u00e9gociations. Elle repose principalement sur les r\u00e9sultats obtenus lors des \u00e9lections professionnelles. Une organisation doit atteindre au moins 8 % des suffrages exprim\u00e9s sur un cycle de quatre ans dans une branche pour \u00eatre reconnue comme repr\u00e9sentative.<\/p>\n<p>Dans les T\u00e9l\u00e9coms, la CFTC affiche une repr\u00e9sentativit\u00e9 de 12,8 % en 2024. Un r\u00e9sultat encourageant qui lui permet de si\u00e9ger aux discussions cl\u00e9s. Olivier Louise note que ce taux ne traduit pas uniquement un poids \u00e9lectoral, mais aussi une implantation concr\u00e8te dans de nombreuses entreprises du secteur.<\/p>\n<p>Au SNAJ, S\u00e9lim Far\u00e8s rappelle que la repr\u00e9sentativit\u00e9 conditionne la l\u00e9gitimit\u00e9 des syndicats \u00e0 n\u00e9gocier et \u00e0 conclure des accords collectifs obligatoires. \u00ab Sans repr\u00e9sentativit\u00e9, il n\u2019y a ni pouvoir de n\u00e9gociation ni confiance dans les accords \u00bb, pr\u00e9cise-t-il, insistant sur le fait qu\u2019une bonne repr\u00e9sentativit\u00e9 donne acc\u00e8s \u00e0 des moyens sp\u00e9cifiques, favorise un dialogue social \u00e9quilibr\u00e9 et maintient le lien avec les salari\u00e9s.<\/p>\n<p>\nDans le secteur postal, la situation est plus complexe. Bernard Poisson alerte sur le fait que La Poste ne rel\u00e8ve d\u2019aucune branche professionnelle, m\u00eame apr\u00e8s la mise en place des CSE. Une anomalie qui prive les salari\u00e9s concern\u00e9s des protections offertes par une convention collective de branche.<\/p>\n<p>Johann Decoux souligne que le SNPPELAC est repr\u00e9sentatif dans deux secteurs : la bureautique et la distribution du papier. L\u2019objectif pour les prochaines ann\u00e9es est de reconqu\u00e9rir cette l\u00e9gitimit\u00e9 dans d\u2019autres sous-branches, notamment via une meilleure structuration interne et une pr\u00e9sence accrue sur le terrain.<\/p>\n<p><strong>Des enjeux concrets pour les salari\u00e9s<\/strong><\/p>\n<p>La repr\u00e9sentativit\u00e9 ne se limite pas \u00e0 un statut symbolique : elle a des effets directs sur les n\u00e9gociations collectives. Elle permet aux syndicats d\u2019influer sur le contenu des accords, d\u2019en valider (ou refuser) les termes, et de d\u00e9fendre au mieux les int\u00e9r\u00eats des salari\u00e9s.<\/p>\n<p>\nDans les T\u00e9l\u00e9coms, par exemple, la repr\u00e9sentativit\u00e9 permet \u00e0 la CFTC de peser face aux grands groupes, mais aussi de mieux prendre en compte les besoins des nombreuses PME du secteur. Olivier Louise souligne l\u2019importance d\u2019un dialogue \u00e9quilibr\u00e9 : \u00ab Il n\u2019est pas question de laisser un acteur faire la pluie\u00a0 et le beau temps dans notre branche. \u00bb<\/p>\n<p>Au SNAJ, sont \u00e9voqu\u00e9s des enjeux \u00e9conomiques li\u00e9s \u00e0 la transformation des modes de production, \u00e0 la diversification des m\u00e9tiers et \u00e0 la restructuration des profils professionnels. \u00ab La repr\u00e9sentativit\u00e9 conditionne notre capacit\u00e9 \u00e0 accompagner ces mutations, \u00e0 garantir que les droits des salari\u00e9s \u00e9voluent en m\u00eame temps que leurs m\u00e9tiers. \u00bb<\/p>\n<p>\nDans les Postes, l\u2019absence de rattachement de certaines entreprises \u00e0 une branche professionnelle emp\u00eache de fait l\u2019application d\u2019accords de branche. Bernard Poisson d\u00e9plore que certains salari\u00e9s soient sans couverture collective, faute de syndicat ou d\u2019accord d\u2019entreprise.<\/p>\n<p>\nPour Johann Decoux, la repr\u00e9sentativit\u00e9 actuelle du SNPPELAC lui permet d\u00e9j\u00e0 de d\u00e9fendre les salari\u00e9s de mani\u00e8re efficace dans les secteurs la CFTC est pr\u00e9sente. L\u2019objectif est de s\u2019appuyer sur cette l\u00e9gitimit\u00e9 pour regagner du terrain l\u00e0 o\u00f9 elle a \u00e9t\u00e9 perdue.<\/p>\n<p><strong> Quels leviers pour renforcer la repr\u00e9sentativit\u00e9 ?<\/strong><\/p>\n<p>Tous identifient plusieurs leviers pour am\u00e9liorer la repr\u00e9sentativit\u00e9 dans les ann\u00e9es \u00e0 venir. Pour les T\u00e9l\u00e9coms, la priorit\u00e9 est de se faire mieux conna\u00eetre dans les petites entreprises. <br \/>\nCela passe par un maillage territorial fort, notamment en \u00cele-de-France, o\u00f9 se concentre une grande partie des acteurs du secteur. \u00c0 chaque protocole d\u2019accord pr\u00e9\u00e9lectoral (PAP), la CFTC s\u2019efforce de pr\u00e9senter des listes, un travail de fond indispensable pour maintenir et \u00e9tendre sa repr\u00e9sentativit\u00e9.<\/p>\n<p>Dans le secteur des Postes, Bernard Poisson plaide pour une meilleure structuration du cadre l\u00e9gal, notamment via la transcription automatique des accords interprofessionnels dans la loi, et le rattachement obligatoire de toutes les entreprises \u00e0 une branche professionnelle, afin de garantir \u00e0 tous les salari\u00e9s un socle de droits collectifs.<\/p>\n<p>Le SNPPELAC, quant \u00e0 lui, mise sur une dynamique de professionnalisation et de modernisation\u202f: am\u00e9lioration des outils de communication, centralisation des adh\u00e9sions, installation d\u2019un local syndical, et surtout formation des militants. Johann Decoux ajoute qu\u2019une r\u00e9flexion sur les crit\u00e8res <br \/>\nde repr\u00e9sentativit\u00e9 nationale, incluant ou non le secteur public, m\u00e9rite d\u2019\u00eatre ouverte, la CFTC n\u2019\u00e9tant pas repr\u00e9sentative dans ce champ.<\/p>\n<p>Le SNPPELAC, quant \u00e0 lui, mise sur une dynamique de professionnalisation et de modernisation\u202f: am\u00e9lioration des outils de communication, centralisation des adh\u00e9sions, installation d\u2019un local syndical, et surtout formation des militants. Johann Decoux ajoute qu\u2019une r\u00e9flexion sur les crit\u00e8res de repr\u00e9sentativit\u00e9 nationale, incluant ou non le secteur public, m\u00e9rite d\u2019\u00eatre ouverte, la CFTC n\u2019\u00e9tant pas repr\u00e9sentative dans ce champ.<\/p>\n<p>Pour le SNAJ, S\u00e9lim Far\u00e8s insiste sur des pistes innovantes pour renforcer la repr\u00e9sentativit\u00e9 : formation \u00e0 l\u2019inclusion, accompagnement des talents issus de la diversit\u00e9, cr\u00e9ation de r\u00e9seaux de soutien, communication inclusive, lutte contre les discriminations et r\u00e9forme des modes de scrutin pour mieux refl\u00e9ter la diversit\u00e9. Il ajoute que conditionner certaines aides \u00e0 des obligations en mati\u00e8re de diversit\u00e9 peut aussi favoriser un dialogue social plus juste et repr\u00e9sentatif.<\/p>\n<\/p>\n<p>\u00a0<\/p>\n<p><strong>Quel est le profil d\u2019un bon n\u00e9gociateur de branche ?<\/strong><\/p>\n<p>Un bon n\u00e9gociateur de branche doit poss\u00e9der de solides bases en droit du travail (Code du travail, r\u00e8gles de repr\u00e9sentativit\u00e9, etc.) ainsi qu\u2019une compr\u00e9hension approfondie des m\u00e9canismes de la n\u00e9gociation collective, des accords de branche et de la hi\u00e9rarchie des normes.<\/p>\n<p>\nIl doit faire preuve d\u2019une curiosit\u00e9 active pour l\u2019ensemble des th\u00e9matiques li\u00e9es \u00e0 la n\u00e9gociation de branche : r\u00e9mun\u00e9ration, couverture sant\u00e9 (mutuelle), dispositifs de formation, \u00e9pargne salariale, entre autres. Une connaissance fine du secteur professionnel concern\u00e9 est \u00e9galement indispensable : m\u00e9tiers, conditions de travail, dynamique de l\u2019emploi, enjeux \u00e9conomiques et \u00e9volutions technologiques.<\/p>\n<p>\nAu-del\u00e0 de ces comp\u00e9tences techniques, certaines qualit\u00e9s humaines sont essentielles : capacit\u00e9 d\u2019analyse et de synth\u00e8se, sens de l\u2019\u00e9coute, aptitude au dialogue et pers\u00e9v\u00e9rance. Enfin, un n\u00e9gociateur de branche doit savoir travailler en collectif, que ce soit avec d\u2019autres n\u00e9gociateurs, des juristes ou les repr\u00e9sentants de sa f\u00e9d\u00e9ration.<\/p>\n<p>\n\u00c0 noter : la Conf\u00e9d\u00e9ration CFTC a con\u00e7u un module de formation d\u00e9di\u00e9 aux n\u00e9gociateurs de branche, qui constitue une excellente base ou un rappel utile pour renforcer ses comp\u00e9tences.<\/p>\n<p>\nUn bon n\u00e9gociateur syndical doit avant tout faire preuve d\u2019\u00e9coute et de dialogue, en \u00e9tant attentif aux besoins des diff\u00e9rentes parties prenantes et en instaurant un climat de confiance. La pers\u00e9v\u00e9rance est essentielle pour mener \u00e0 bien des n\u00e9gociations souvent longues et complexes.<\/p>\n<p>\nIl doit disposer d\u2019une exp\u00e9rience concr\u00e8te locale, de branche ou interprofessionnelle et savoir construire, d\u00e9fendre et adapter ses revendications en fonction du contexte. La ma\u00eetrise des techniques de n\u00e9gociation, comme l\u2019\u00e9coute active, la gestion des tensions ou la reformulation, constitue un atout important. \u00c0 ces comp\u00e9tences s\u2019ajoutent des qualit\u00e9s personnelles cl\u00e9s : rigueur, sens de l\u2019organisation, p\u00e9dagogie, esprit de synth\u00e8se et r\u00e9silience face aux difficult\u00e9s. Enfin, le travail collectif est indispensable : coop\u00e9rer avec d\u2019autres syndicats, collaborer avec des experts et se coordonner avec les structures locales ou d\u2019entreprise, tout cela renforce l\u2019efficacit\u00e9 de l\u2019action syndicale.<\/p>\n<\/p>\n<p><strong> Un message aux salari\u00e9s et employeurs<\/strong><\/p>\n<p>Au-del\u00e0 des chiffres, tous insistent sur l\u2019importance de la repr\u00e9sentativit\u00e9 pour la qualit\u00e9 du dialogue social et la protection des droits collectifs. Elle est un outil, pas une finalit\u00e9. Bernard Poisson rappelle\u00a0 que le r\u00f4le d\u2019un syndicat ne se limite pas \u00e0 \u00eatre pr\u00e9sent, mais \u00e0 \u00eatre force de proposition et d\u2019innovation sociale : \u00ab La repr\u00e9sentativit\u00e9 n\u2019est pas une fin en soi. Le r\u00f4le de la CFTC est d\u2019\u00eatre un syndicat cr\u00e9atif. \u00bb<\/p>\n<p>\nOlivier Louise souligne l\u2019ancrage r\u00e9formiste de la CFTC : \u00ab C\u2019est notre repr\u00e9sentativit\u00e9 qui reste le moyen le plus efficace pour porter nos revendications et \u0153uvrer pour le bien commun. \u00bb<\/p>\n<p>\nEnfin, Johann Decoux conclut en insistant sur la dimension strat\u00e9gique de cet enjeu : \u00ab La repr\u00e9sentativit\u00e9 conditionne notre capacit\u00e9 \u00e0 agir, \u00e0 d\u00e9fendre les salari\u00e9s, et \u00e0 consolider notre l\u00e9gitimit\u00e9 dans le paysage syndical. \u00bb<\/p>\n<p>D\u00e9fendre la repr\u00e9sentativit\u00e9, c\u2019est d\u00e9fendre le droit \u00e0 la n\u00e9gociation collective, au progr\u00e8s social, et \u00e0 l\u2019\u00e9quit\u00e9 entre salari\u00e9s, quelle que soit la taille de leur entreprise ou leur secteur d\u2019activit\u00e9. C\u2019est un combat de chaque instant, mais un combat indispensable.<\/p>\n<p>L\u2019article <a href=\"https:\/\/www.cftcmediaplus.fr\/federation\/representativite-syndicale-enjeux-realites-et-perspectives-dans-nos-branches-professionnelles\">REPR\u00c9SENTATIVIT\u00c9 SYNDICALE :  ENJEUX, R\u00c9ALIT\u00c9S ET PERSPECTIVES DANS NOS BRANCHES PROFESSIONNELLES<\/a> est apparu en premier sur <a href=\"https:\/\/www.cftcmediaplus.fr\/\">CFTC Media Plus<\/a>.<\/p>\n","protected":false},"excerpt":{"rendered":"<p>La repr\u00e9sentativit\u00e9 syndicale est bien plus qu\u2019un indicateur \u00e9lectoral. Elle conditionne la capacit\u00e9 des organisations \u00e0 n\u00e9gocier, \u00e0 d\u00e9fendre les droits des salari\u00e9s, et \u00e0 influer sur les d\u00e9cisions collectives dans chaque branche professionnelle. Quatre n\u00e9gociateurs de branche de la CFTC : partagent leur vision du sujet, chacun dans leur secteur d\u2019activit\u00e9. Une mission syndicale [&hellip;]<\/p>\n","protected":false},"author":0,"featured_media":0,"comment_status":"open","ping_status":"open","sticky":false,"template":"","format":"standard","meta":[],"categories":[1],"tags":[],"_links":{"self":[{"href":"https:\/\/cftc-syntec.fr\/testimport\/wp-json\/wp\/v2\/posts\/5149"}],"collection":[{"href":"https:\/\/cftc-syntec.fr\/testimport\/wp-json\/wp\/v2\/posts"}],"about":[{"href":"https:\/\/cftc-syntec.fr\/testimport\/wp-json\/wp\/v2\/types\/post"}],"replies":[{"embeddable":true,"href":"https:\/\/cftc-syntec.fr\/testimport\/wp-json\/wp\/v2\/comments?post=5149"}],"version-history":[{"count":0,"href":"https:\/\/cftc-syntec.fr\/testimport\/wp-json\/wp\/v2\/posts\/5149\/revisions"}],"wp:attachment":[{"href":"https:\/\/cftc-syntec.fr\/testimport\/wp-json\/wp\/v2\/media?parent=5149"}],"wp:term":[{"taxonomy":"category","embeddable":true,"href":"https:\/\/cftc-syntec.fr\/testimport\/wp-json\/wp\/v2\/categories?post=5149"},{"taxonomy":"post_tag","embeddable":true,"href":"https:\/\/cftc-syntec.fr\/testimport\/wp-json\/wp\/v2\/tags?post=5149"}],"curies":[{"name":"wp","href":"https:\/\/api.w.org\/{rel}","templated":true}]}}