{"id":5154,"date":"2025-07-11T18:12:15","date_gmt":"2025-07-11T16:12:15","guid":{"rendered":"https:\/\/cftc-syntec.fr\/testimport\/inquietudes-chez-france-medias-monde\/"},"modified":"2025-07-11T18:12:15","modified_gmt":"2025-07-11T16:12:15","slug":"inquietudes-chez-france-medias-monde","status":"publish","type":"post","link":"https:\/\/cftc-syntec.fr\/testimport\/inquietudes-chez-france-medias-monde\/","title":{"rendered":"INQUI\u00c9TUDES CHEZ FRANCE M\u00c9DIAS MONDE"},"content":{"rendered":"<p><strong>Les acteurs de France M\u00e9dias\u00a0 Monde s\u2019inqui\u00e8tent de la volont\u00e9 d\u2019int\u00e9grer leur structure au sein de la future holding France M\u00e9dias lors de la r\u00e9forme de l\u2019audiovisuel public actuellement en discussion. Le point sur les enjeux pour l\u2019avenir du rayonnement international de la France.<\/strong><\/p>\n<p>\nLe gouvernement a engag\u00e9 une r\u00e9forme d\u2019envergure visant \u00e0 regrouper France T\u00e9l\u00e9visions, Radio France, l\u2019INA et possiblement France M\u00e9dias Monde (FMM) au sein d\u2019une holding unique baptis\u00e9e France M\u00e9dias. Cette restructuration est pr\u00e9sent\u00e9e comme une r\u00e9ponse aux mutations du paysage m\u00e9diatique et \u00e0 la mont\u00e9e des plateformes num\u00e9riques. Toutefois, elle soul\u00e8ve de nombreuses inqui\u00e9tudes sur l\u2019ind\u00e9pendance \u00e9ditoriale, le f inancement p\u00e9renne, la gouvernance centralis\u00e9e et les r\u00e9percussions sociales pour les salari\u00e9s.<\/p>\n<p>\nDepuis la suppression en 2022 de la contribution \u00e0 l\u2019audiovisuel public (CAP), remplac\u00e9e par un financement via la TVA, la d\u00e9pendance aux arbitrages annuels de l\u2019\u00c9tat s\u2019est accrue. Le retour du projet de holding, jug\u00e9 pr\u00e9cipit\u00e9 par une partie des acteurs, a suscit\u00e9 des tensions sociales, illustr\u00e9es par des mouvements de gr\u00e8ve et une contestation du manque de concertation.<\/p>\n<p><strong>Position de la CFTC-FMM<\/strong><\/p>\n<p><strong> Une vigilance absolue quant \u00e0 la place de FMM dans la r\u00e9forme<\/strong><\/p>\n<p>Contrairement \u00e0 certaines affirmations pr\u00e9matur\u00e9es, rien ne permet d\u2019affirmer \u00e0 ce jour que France M\u00e9dias Monde sera exclue du p\u00e9rim\u00e8tre de la future holding. Son int\u00e9gration d\u00e9pendra des d\u00e9bats parlementaires \u00e0 venir, et des amendements \u00e0 la proposition de loi \u2013 initialement pr\u00e9vue \u00e0 l\u2019Assembl\u00e9e nationale le 11 avril 2025 mais report\u00e9e.<\/p>\n<p>\nLa CFTC-FMM reste pleinement mobilis\u00e9e pour d\u00e9fendre le statut distinct de l\u2019audiovisuel ext\u00e9rieur, un statut que la commission des Affaires \u00e9trang\u00e8res de l\u2019Assembl\u00e9e nationale a reconnu en \u00e9mettant un avis d\u00e9favorable \u00e0 son int\u00e9gration dans la holding.<\/p>\n<p><strong> Pr\u00e9server une mission strat\u00e9gique et une identit\u00e9 singuli\u00e8re<\/strong><\/p>\n<p>France M\u00e9dias Monde (RFI, France 24, Monte Carlo Doualiya) joue un r\u00f4le essentiel dans le rayonnement international de la France, produisant des contenus en 21 langues et regroupant 64 nationalit\u00e9s dans ses r\u00e9dactions. Cette mission internationale ne saurait \u00eatre dilu\u00e9e dans une gouvernance uniformis\u00e9e centr\u00e9e sur des probl\u00e9matiques nationales.<\/p>\n<p><strong> Un risque de dilution, \u00e0 la fois budg\u00e9taire et \u00e9ditoriale<\/strong><\/p>\n<p>FMM repr\u00e9sente environ 7 % du budget global de l\u2019audiovisuel public. Dans une structure centralis\u00e9e, les arbitrages pourraient lui \u00eatre d\u00e9favorables, conduisant \u00e0 une marginalisation de ses moyens et de sa ligne \u00e9ditoriale, au d\u00e9triment de sa mission de service public mondial.<\/p>\n<p><strong> Un enjeu strat\u00e9gique dans un contexte g\u00e9opolitique tendu<\/strong><\/p>\n<p>\u00c0 l\u2019heure o\u00f9 les d\u00e9sinformations, les ing\u00e9rences informationnelles et les usages non r\u00e9gul\u00e9s de l\u2019intelligence artificielle menacent la qualit\u00e9 de l\u2019information, affaiblir un acteur comme FMM constituerait une erreur strat\u00e9gique majeure. La France a besoin d\u2019un m\u00e9dia international fort, ind\u00e9pendant et identifiable, capable d\u2019incarner la voix plurielle et fiable de la d\u00e9mocratie.<\/p>\n<p>\nLa CFTC de France M\u00e9dias Monde continuera \u00e0 suivre attentivement les travaux parlementaires et \u00e0 intervenir activement aupr\u00e8s des d\u00e9cideurs pour d\u00e9fendre l\u2019ind\u00e9pendance, l\u2019autonomie et la sp\u00e9cificit\u00e9 de FMM. Cette r\u00e9forme ne saurait se faire au prix d\u2019un affaiblissement du service public audiovisuel international, dans un contexte g\u00e9opolitique o\u00f9 l\u2019acc\u00e8s \u00e0 une information plurilingue, <br \/>\nfiable et ind\u00e9pendante constitue un enjeu majeur.\u00a0<\/p>\n<p>L\u2019article <a href=\"https:\/\/www.cftcmediaplus.fr\/audiovisuel\/inquietudes-chez-france-medias-monde\">INQUI\u00c9TUDES CHEZ FRANCE M\u00c9DIAS MONDE<\/a> est apparu en premier sur <a href=\"https:\/\/www.cftcmediaplus.fr\/\">CFTC Media Plus<\/a>.<\/p>\n","protected":false},"excerpt":{"rendered":"<p>Les acteurs de France M\u00e9dias\u00a0 Monde s\u2019inqui\u00e8tent de la volont\u00e9 d\u2019int\u00e9grer leur structure au sein de la future holding France M\u00e9dias lors de la r\u00e9forme de l\u2019audiovisuel public actuellement en discussion. Le point sur les enjeux pour l\u2019avenir du rayonnement international de la France. Le gouvernement a engag\u00e9 une r\u00e9forme d\u2019envergure visant \u00e0 regrouper France [&hellip;]<\/p>\n","protected":false},"author":0,"featured_media":0,"comment_status":"open","ping_status":"open","sticky":false,"template":"","format":"standard","meta":[],"categories":[1],"tags":[],"_links":{"self":[{"href":"https:\/\/cftc-syntec.fr\/testimport\/wp-json\/wp\/v2\/posts\/5154"}],"collection":[{"href":"https:\/\/cftc-syntec.fr\/testimport\/wp-json\/wp\/v2\/posts"}],"about":[{"href":"https:\/\/cftc-syntec.fr\/testimport\/wp-json\/wp\/v2\/types\/post"}],"replies":[{"embeddable":true,"href":"https:\/\/cftc-syntec.fr\/testimport\/wp-json\/wp\/v2\/comments?post=5154"}],"version-history":[{"count":0,"href":"https:\/\/cftc-syntec.fr\/testimport\/wp-json\/wp\/v2\/posts\/5154\/revisions"}],"wp:attachment":[{"href":"https:\/\/cftc-syntec.fr\/testimport\/wp-json\/wp\/v2\/media?parent=5154"}],"wp:term":[{"taxonomy":"category","embeddable":true,"href":"https:\/\/cftc-syntec.fr\/testimport\/wp-json\/wp\/v2\/categories?post=5154"},{"taxonomy":"post_tag","embeddable":true,"href":"https:\/\/cftc-syntec.fr\/testimport\/wp-json\/wp\/v2\/tags?post=5154"}],"curies":[{"name":"wp","href":"https:\/\/api.w.org\/{rel}","templated":true}]}}