{"id":5155,"date":"2025-07-14T13:06:27","date_gmt":"2025-07-14T11:06:27","guid":{"rendered":"https:\/\/cftc-syntec.fr\/testimport\/pressions-americaines-un-effet-pschitt-dans-le-secteur-telecom-en-france\/"},"modified":"2025-07-14T13:06:27","modified_gmt":"2025-07-14T11:06:27","slug":"pressions-americaines-un-effet-pschitt-dans-le-secteur-telecom-en-france","status":"publish","type":"post","link":"https:\/\/cftc-syntec.fr\/testimport\/pressions-americaines-un-effet-pschitt-dans-le-secteur-telecom-en-france\/","title":{"rendered":"PRESSIONS AM\u00c9RICAINES : UN EFFET PSCHITT ! DANS LE SECTEUR T\u00c9L\u00c9COM EN FRANCE"},"content":{"rendered":"<p><strong> Alors que la r\u00e9\u00e9lection de Donald Trump comme Pr\u00e9sident a raviv\u00e9 les tensions commerciales et diplomatiques entre les \u00c9tats-Unis et plusieurs partenaires \u00e9trangers, le secteur T\u00e9l\u00e9com en France, lui, reste largement \u00e0 l\u2019\u00e9cart de ce tangage \u00e9conomique. Les nouvelles directives am\u00e9ricaines suscitent davantage de perplexit\u00e9 que d\u2019inqui\u00e9tude parmi les grands op\u00e9rateurs fran\u00e7ais, \u00e0 commencer par Orange et Verizon.<\/strong><\/p>\n<p>\u00a0<\/p>\n<p><strong>Des droits de douane sans effet concret<\/strong><br \/>\nAnnonc\u00e9s en fanfare par la Maison Blanche, les nouveaux droits de douane d\u00e9cid\u00e9s par l\u2019administration Trump n\u2019auront aucun impact sur les activit\u00e9s T\u00e9l\u00e9com en France. En effet, le secteur ne repose pas sur des exportations vers les \u00c9tats-Unis, ce qui rend ces surtaxes douani\u00e8res largement hors sujet pour les acteurs fran\u00e7ais.<\/p>\n<p>\nPlus pr\u00e9occupante en apparence, la demande am\u00e9ricaine de conformit\u00e9 aux nouvelles normes relatives \u00e0 la diversit\u00e9 et \u00e0 l\u2019inclusion soul\u00e8ve des questions. L\u2019Executive Order 14173, intitul\u00e9 \u00ab Ending Illegal Discrimination and Restoring Merit-Based Practices in Hiring and Employment \u00bb, exige que les fournisseurs du gouvernement am\u00e9ricain certifient qu\u2019aucun de leurs programmes ne promeut la diversit\u00e9 de mani\u00e8re jug\u00e9e contraire aux lois f\u00e9d\u00e9rales anti-discrimination.<\/p>\n<p>\nUne directive floue et potentiellement intrusive qui a d\u00e9j\u00e0 fait l\u2019objet de sollicitations, notamment envers le groupe Orange. Plusieurs ambassades am\u00e9ricaines, dont celle de Paris, ont ainsi demand\u00e9 \u00e0 l\u2019op\u00e9rateur fran\u00e7ais de se conformer \u00e0 ce d\u00e9cret. Orange, qui fournit des services t\u00e9l\u00e9coms \u00e0 certaines agences gouvernementales am\u00e9ricaines, s\u2019est vu directement concern\u00e9.<\/p>\n<p>\nPourtant, l\u2019analyse de ce d\u00e9cret par les juristes d\u2019Orange, conjugu\u00e9e \u00e0 la tr\u00e8s faible exposition de l\u2019entreprise aux \u00c9tats-Unis, Orange s\u2019\u00e9tant r\u00e9cemment affranchie des obligations Sarbanes Oxley, a conduit \u00e0 une r\u00e9ponse prudente. Pour l\u2019instant, aucune certification ne sera transmise \u00e0 l\u2019administration am\u00e9ricaine. Le pr\u00e9sident du bureau national CFTC chez Orange estime ainsi que \u00ab le risque d\u2019\u00eatre expos\u00e9 \u00e0 des mesures coercitives est tr\u00e8s faible \u00bb.<\/p>\n<p>\u00a0<\/p>\n<p><strong> Verizon en France : une filiale align\u00e9e, mais sans impact nouveau<\/strong><br \/>\nDu c\u00f4t\u00e9 de Verizon, op\u00e9rateur am\u00e9ricain pr\u00e9sent sur le march\u00e9 des entreprises en France, le constat est tout aussi calme. Selon les adh\u00e9rents CFTC, \u00ab rien de neuf sous le soleil \u00bb. La direction fran\u00e7aise, pilot\u00e9e depuis Dublin, continue d\u2019appliquer les directives de la maison m\u00e8re, sans pour autant\u00a0 traduire de nouvelle pression li\u00e9e au contexte am\u00e9ricain.<\/p>\n<p>\u00a0<\/p>\n<p><strong>Une tentative d\u2019ing\u00e9rence qui tombe \u00e0 plat<\/strong><\/p>\n<p>En somme, dans l\u2019ensemble du secteur T\u00e9l\u00e9com en France, cette initiative am\u00e9ricaine est per\u00e7ue comme une \u00ab tentative d\u2019ing\u00e9rence inqualifiable \u00bb, mais sans effets notables. \u00ab Un coup d\u2019\u00e9p\u00e9e dans l\u2019eau du chevalier Donald \u00bb, ironisent certains repr\u00e9sentants syndicaux. Malgr\u00e9 le bruit m\u00e9diatique autour des premi\u00e8res d\u00e9cisions du pr\u00e9sident Trump r\u00e9\u00e9lu, l\u2019\u00e9cosyst\u00e8me t\u00e9l\u00e9com fran\u00e7ais semble pour l\u2019instant prot\u00e9g\u00e9 de ses turbulences id\u00e9ologiques et \u00e9conomiques. L\u2019effet est clair : un grand \u00ab pschitt \u00bb.<\/p>\n<p>\u00a0<\/p>\n<\/p>\n<p>L\u2019article <a href=\"https:\/\/www.cftcmediaplus.fr\/federation\/pressions-americaines-un-effet-pschitt-dans-le-secteur-telecom-en-france\">PRESSIONS AM\u00c9RICAINES : UN EFFET PSCHITT ! DANS LE SECTEUR T\u00c9L\u00c9COM EN FRANCE<\/a> est apparu en premier sur <a href=\"https:\/\/www.cftcmediaplus.fr\/\">CFTC Media Plus<\/a>.<\/p>\n","protected":false},"excerpt":{"rendered":"<p>Alors que la r\u00e9\u00e9lection de Donald Trump comme Pr\u00e9sident a raviv\u00e9 les tensions commerciales et diplomatiques entre les \u00c9tats-Unis et plusieurs partenaires \u00e9trangers, le secteur T\u00e9l\u00e9com en France, lui, reste largement \u00e0 l\u2019\u00e9cart de ce tangage \u00e9conomique. Les nouvelles directives am\u00e9ricaines suscitent davantage de perplexit\u00e9 que d\u2019inqui\u00e9tude parmi les grands op\u00e9rateurs fran\u00e7ais, \u00e0 commencer par [&hellip;]<\/p>\n","protected":false},"author":0,"featured_media":0,"comment_status":"open","ping_status":"open","sticky":false,"template":"","format":"standard","meta":[],"categories":[1],"tags":[],"_links":{"self":[{"href":"https:\/\/cftc-syntec.fr\/testimport\/wp-json\/wp\/v2\/posts\/5155"}],"collection":[{"href":"https:\/\/cftc-syntec.fr\/testimport\/wp-json\/wp\/v2\/posts"}],"about":[{"href":"https:\/\/cftc-syntec.fr\/testimport\/wp-json\/wp\/v2\/types\/post"}],"replies":[{"embeddable":true,"href":"https:\/\/cftc-syntec.fr\/testimport\/wp-json\/wp\/v2\/comments?post=5155"}],"version-history":[{"count":0,"href":"https:\/\/cftc-syntec.fr\/testimport\/wp-json\/wp\/v2\/posts\/5155\/revisions"}],"wp:attachment":[{"href":"https:\/\/cftc-syntec.fr\/testimport\/wp-json\/wp\/v2\/media?parent=5155"}],"wp:term":[{"taxonomy":"category","embeddable":true,"href":"https:\/\/cftc-syntec.fr\/testimport\/wp-json\/wp\/v2\/categories?post=5155"},{"taxonomy":"post_tag","embeddable":true,"href":"https:\/\/cftc-syntec.fr\/testimport\/wp-json\/wp\/v2\/tags?post=5155"}],"curies":[{"name":"wp","href":"https:\/\/api.w.org\/{rel}","templated":true}]}}