{"id":5157,"date":"2025-07-16T09:17:04","date_gmt":"2025-07-16T07:17:04","guid":{"rendered":"https:\/\/cftc-syntec.fr\/testimport\/la-nouvelle-snlp-veut-obtenir-10-aux-elections-cse\/"},"modified":"2025-07-16T09:17:04","modified_gmt":"2025-07-16T07:17:04","slug":"la-nouvelle-snlp-veut-obtenir-10-aux-elections-cse","status":"publish","type":"post","link":"https:\/\/cftc-syntec.fr\/testimport\/la-nouvelle-snlp-veut-obtenir-10-aux-elections-cse\/","title":{"rendered":"LA NOUVELLE  SNLP VEUT OBTENIR 10% AUX \u00c9LECTIONS CSE"},"content":{"rendered":"<p>La Section Nationale La Poste s\u2019est r\u00e9unie et a tenu son assembl\u00e9e g\u00e9n\u00e9rale le 19 mai 2025 pour \u00e9lire sa nouvelle \u00e9quipe. Sans perdre une minute, elle a d\u00e9voil\u00e9 un projet offensif et ambitieux\u202f: d\u00e9crocher les 10% aux prochaines \u00e9lections CSE. La mobilisation est lanc\u00e9e. Cap sur la victoire ! Chantal Bonhoure (pr\u00e9sidente) et Corinne Cochard (secr\u00e9taire) ont \u00e9t\u00e9 r\u00e9\u00e9lues, confirmant la confiance des membres de la section dans leur engagement et leur projet. \u00c0 leurs c\u00f4t\u00e9s, l\u2019assembl\u00e9e g\u00e9n\u00e9rale a valid\u00e9 l\u2019entr\u00e9e de Christian Eltz\u00e9 en tant que vice-pr\u00e9sident, et de Yasser Bouhout comme secr\u00e9taire adjoint. Avec cette \u00e9quipe dynamique, soud\u00e9e et d\u00e9termin\u00e9e, la Section Nationale La Poste est plus que jamais en ordre de marche. Engag\u00e9e sur le terrain, au plus pr\u00e8s des posti\u00e8res et des postiers, elle est pr\u00eate \u00e0 relever les d\u00e9fis et \u00e0 porter haut les couleurs de la CFTC lors des prochaines \u00e9ch\u00e9ances \u00e9lectorales.<\/p>\n<p>L\u2019article <a href=\"https:\/\/www.cftcmediaplus.fr\/postes\/la-nouvelle-snlp-veut-obtenir-10-aux-elections-cse\">LA NOUVELLE  SNLP VEUT OBTENIR 10% AUX \u00c9LECTIONS CSE<\/a> est apparu en premier sur <a href=\"https:\/\/www.cftcmediaplus.fr\/\">CFTC Media Plus<\/a>.<\/p>\n","protected":false},"excerpt":{"rendered":"<p>La Section Nationale La Poste s\u2019est r\u00e9unie et a tenu son assembl\u00e9e g\u00e9n\u00e9rale le 19 mai 2025 pour \u00e9lire sa nouvelle \u00e9quipe. Sans perdre une minute, elle a d\u00e9voil\u00e9 un projet offensif et ambitieux\u202f: d\u00e9crocher les 10% aux prochaines \u00e9lections CSE. La mobilisation est lanc\u00e9e. Cap sur la victoire ! Chantal Bonhoure (pr\u00e9sidente) et Corinne [&hellip;]<\/p>\n","protected":false},"author":0,"featured_media":0,"comment_status":"open","ping_status":"open","sticky":false,"template":"","format":"standard","meta":[],"categories":[1],"tags":[],"_links":{"self":[{"href":"https:\/\/cftc-syntec.fr\/testimport\/wp-json\/wp\/v2\/posts\/5157"}],"collection":[{"href":"https:\/\/cftc-syntec.fr\/testimport\/wp-json\/wp\/v2\/posts"}],"about":[{"href":"https:\/\/cftc-syntec.fr\/testimport\/wp-json\/wp\/v2\/types\/post"}],"replies":[{"embeddable":true,"href":"https:\/\/cftc-syntec.fr\/testimport\/wp-json\/wp\/v2\/comments?post=5157"}],"version-history":[{"count":0,"href":"https:\/\/cftc-syntec.fr\/testimport\/wp-json\/wp\/v2\/posts\/5157\/revisions"}],"wp:attachment":[{"href":"https:\/\/cftc-syntec.fr\/testimport\/wp-json\/wp\/v2\/media?parent=5157"}],"wp:term":[{"taxonomy":"category","embeddable":true,"href":"https:\/\/cftc-syntec.fr\/testimport\/wp-json\/wp\/v2\/categories?post=5157"},{"taxonomy":"post_tag","embeddable":true,"href":"https:\/\/cftc-syntec.fr\/testimport\/wp-json\/wp\/v2\/tags?post=5157"}],"curies":[{"name":"wp","href":"https:\/\/api.w.org\/{rel}","templated":true}]}}