{"id":5160,"date":"2025-07-16T14:28:14","date_gmt":"2025-07-16T12:28:14","guid":{"rendered":"https:\/\/cftc-syntec.fr\/testimport\/forum-handicap-media\/"},"modified":"2025-07-16T14:28:14","modified_gmt":"2025-07-16T12:28:14","slug":"forum-handicap-media","status":"publish","type":"post","link":"https:\/\/cftc-syntec.fr\/testimport\/forum-handicap-media\/","title":{"rendered":"FORUM HANDICAP MEDIA+"},"content":{"rendered":"<p><span class=\"x1xsqp64 xiy17q3 x1o6pynw x19co3pv xdj266r xjn30re xat24cr x1hb08if x2b8uid\"><span class=\"xexx8yu xcaqkgz x18d9i69 xbwkkl7 x3jgonx x1bhl96m\"><\/span><\/span>Le Forum Handicap approche\u2026 et les inscriptions sont ouvertes ! <span class=\"x1xsqp64 xiy17q3 x1o6pynw x19co3pv xdj266r xjn30re xat24cr x1hb08if x2b8uid\"><span class=\"xexx8yu xcaqkgz x18d9i69 xbwkkl7 x3jgonx x1bhl96m\"><\/span><\/span><\/p>\n<p>Le <strong>Forum Handicap<\/strong>, c\u2019est le <strong>30 septembre 2025<\/strong>\u2026 et c\u2019est d\u00e9j\u00e0 demain !<br \/>\nUne journ\u00e9e pleine de rencontres, de d\u00e9couvertes, d\u2019\u00e9changes et d\u2019initiatives autour du handicap vous attend.<br \/><span class=\"x1xsqp64 xiy17q3 x1o6pynw x19co3pv xdj266r xjn30re xat24cr x1hb08if x2b8uid\"><span class=\"xexx8yu xcaqkgz x18d9i69 xbwkkl7 x3jgonx x1bhl96m\"><\/span><\/span>Conf\u00e9rences, t\u00e9moignages inspirants\u2026 il y en aura pour tous les go\u00fbts !<br \/><span class=\"x1xsqp64 xiy17q3 x1o6pynw x19co3pv xdj266r xjn30re xat24cr x1hb08if x2b8uid\"><span class=\"xexx8yu xcaqkgz x18d9i69 xbwkkl7 x3jgonx x1bhl96m\"><\/span><\/span>R\u00e9servez d\u00e8s maintenant votre place : <a href=\"https:\/\/forms.gle\/CTiZcuagym3v5ZiQ8\">https:\/\/forms.gle\/CTiZcuagym3v5ZiQ8<\/a>\u00a0<br \/>\nC\u2019est simple, rapide, et \u00e7a vous garantit de ne rien manquer le jour J.<strong><br \/><span class=\"x1xsqp64 xiy17q3 x1o6pynw x19co3pv xdj266r xjn30re xat24cr x1hb08if x2b8uid\"><span class=\"xexx8yu xcaqkgz x18d9i69 xbwkkl7 x3jgonx x1bhl96m\"><\/span><\/span>Rendez-vous le 30 septembre ! H\u00e2te de vous y retrouver ! <span class=\"x1xsqp64 xiy17q3 x1o6pynw x19co3pv xdj266r xjn30re xat24cr x1hb08if x2b8uid\"><span class=\"xexx8yu xcaqkgz x18d9i69 xbwkkl7 x3jgonx x1bhl96m\"><\/span><\/span><\/strong><\/p>\n<p>L\u2019article <a href=\"https:\/\/www.cftcmediaplus.fr\/federation\/forum-handicap-media\">FORUM HANDICAP MEDIA+<\/a> est apparu en premier sur <a href=\"https:\/\/www.cftcmediaplus.fr\/\">CFTC Media Plus<\/a>.<\/p>\n","protected":false},"excerpt":{"rendered":"<p>Le Forum Handicap approche\u2026 et les inscriptions sont ouvertes ! Le Forum Handicap, c\u2019est le 30 septembre 2025\u2026 et c\u2019est d\u00e9j\u00e0 demain ! Une journ\u00e9e pleine de rencontres, de d\u00e9couvertes, d\u2019\u00e9changes et d\u2019initiatives autour du handicap vous attend.Conf\u00e9rences, t\u00e9moignages inspirants\u2026 il y en aura pour tous les go\u00fbts !R\u00e9servez d\u00e8s maintenant votre place : https:\/\/forms.gle\/CTiZcuagym3v5ZiQ8\u00a0 [&hellip;]<\/p>\n","protected":false},"author":0,"featured_media":0,"comment_status":"open","ping_status":"open","sticky":false,"template":"","format":"standard","meta":[],"categories":[1],"tags":[],"_links":{"self":[{"href":"https:\/\/cftc-syntec.fr\/testimport\/wp-json\/wp\/v2\/posts\/5160"}],"collection":[{"href":"https:\/\/cftc-syntec.fr\/testimport\/wp-json\/wp\/v2\/posts"}],"about":[{"href":"https:\/\/cftc-syntec.fr\/testimport\/wp-json\/wp\/v2\/types\/post"}],"replies":[{"embeddable":true,"href":"https:\/\/cftc-syntec.fr\/testimport\/wp-json\/wp\/v2\/comments?post=5160"}],"version-history":[{"count":0,"href":"https:\/\/cftc-syntec.fr\/testimport\/wp-json\/wp\/v2\/posts\/5160\/revisions"}],"wp:attachment":[{"href":"https:\/\/cftc-syntec.fr\/testimport\/wp-json\/wp\/v2\/media?parent=5160"}],"wp:term":[{"taxonomy":"category","embeddable":true,"href":"https:\/\/cftc-syntec.fr\/testimport\/wp-json\/wp\/v2\/categories?post=5160"},{"taxonomy":"post_tag","embeddable":true,"href":"https:\/\/cftc-syntec.fr\/testimport\/wp-json\/wp\/v2\/tags?post=5160"}],"curies":[{"name":"wp","href":"https:\/\/api.w.org\/{rel}","templated":true}]}}