{"id":5161,"date":"2025-07-19T12:07:35","date_gmt":"2025-07-19T10:07:35","guid":{"rendered":"https:\/\/cftc-syntec.fr\/testimport\/assemblee-generale-du-syndicat-des-postes-ile-de-france-24-juin-2025\/"},"modified":"2025-07-19T12:07:35","modified_gmt":"2025-07-19T10:07:35","slug":"assemblee-generale-du-syndicat-des-postes-ile-de-france-24-juin-2025","status":"publish","type":"post","link":"https:\/\/cftc-syntec.fr\/testimport\/assemblee-generale-du-syndicat-des-postes-ile-de-france-24-juin-2025\/","title":{"rendered":"Assembl\u00e9e G\u00e9n\u00e9rale du syndicat des Postes \u00cele-de-France \u2013 24 juin 2025"},"content":{"rendered":"<p>L\u2019Assembl\u00e9e G\u00e9n\u00e9rale du syndicat des Postes en \u00cele-de-France s\u2019est tenue \u00e0 Paris le 24 juin 2025.<\/p>\n<p>\u00c0 cette occasion, les <strong>statuts mis \u00e0 jour ont \u00e9t\u00e9 adopt\u00e9s<\/strong>. Les <strong>rapports d\u2019activit\u00e9 et financier ont \u00e9t\u00e9 approuv\u00e9s<\/strong>, et <strong>le quitus a \u00e9t\u00e9 donn\u00e9 au tr\u00e9sorier<\/strong>.<\/p>\n<p>Un <strong>conseil de 19 membres<\/strong> a \u00e9t\u00e9 \u00e9lu pour conduire les travaux du syndicat.<\/p>\n<h3>Nouveau bureau \u00e9lu :<\/h3>\n<p><strong>Pr\u00e9sident :<\/strong> Torsten Gardian<\/p>\n<p><strong>Secr\u00e9taire G\u00e9n\u00e9ral :<\/strong> Sidoine Toyu<\/p>\n<p><strong>Tr\u00e9sorier :<\/strong> Yasser Bouhout<\/p>\n<p><strong>1\u00e8re Vice-Pr\u00e9sidente :<\/strong> Chantal Bonhoure<\/p>\n<p><strong>2\u00e8me Vice-Pr\u00e9sident :<\/strong> Laurent Martin<\/p>\n<p><strong>1er Secr\u00e9taire G\u00e9n\u00e9ral Adjoint :<\/strong> Philippe Nodin<\/p>\n<p><strong>2\u00e8me Secr\u00e9taire G\u00e9n\u00e9ral Adjoint :<\/strong> Bruno Bruel<\/p>\n<p><strong>Tr\u00e9sori\u00e8re Adjointe :<\/strong> Evelyne Duport<\/p>\n<p><strong>Membre :<\/strong> Estelle Lemonnier<\/p>\n<p>Le syndicat poursuit ainsi son engagement au service des agents, avec une \u00e9quipe renouvel\u00e9e et mobilis\u00e9e.<\/p>\n<p>L\u2019article <a href=\"https:\/\/www.cftcmediaplus.fr\/postes\/assemblee-generale-du-syndicat-des-postes-ile-de-france-24-juin-2025\">Assembl\u00e9e G\u00e9n\u00e9rale du syndicat des Postes \u00cele-de-France \u2013 24 juin 2025<\/a> est apparu en premier sur <a href=\"https:\/\/www.cftcmediaplus.fr\/\">CFTC Media Plus<\/a>.<\/p>\n","protected":false},"excerpt":{"rendered":"<p>L\u2019Assembl\u00e9e G\u00e9n\u00e9rale du syndicat des Postes en \u00cele-de-France s\u2019est tenue \u00e0 Paris le 24 juin 2025. \u00c0 cette occasion, les statuts mis \u00e0 jour ont \u00e9t\u00e9 adopt\u00e9s. Les rapports d\u2019activit\u00e9 et financier ont \u00e9t\u00e9 approuv\u00e9s, et le quitus a \u00e9t\u00e9 donn\u00e9 au tr\u00e9sorier. Un conseil de 19 membres a \u00e9t\u00e9 \u00e9lu pour conduire les travaux [&hellip;]<\/p>\n","protected":false},"author":0,"featured_media":0,"comment_status":"open","ping_status":"open","sticky":false,"template":"","format":"standard","meta":[],"categories":[1],"tags":[],"_links":{"self":[{"href":"https:\/\/cftc-syntec.fr\/testimport\/wp-json\/wp\/v2\/posts\/5161"}],"collection":[{"href":"https:\/\/cftc-syntec.fr\/testimport\/wp-json\/wp\/v2\/posts"}],"about":[{"href":"https:\/\/cftc-syntec.fr\/testimport\/wp-json\/wp\/v2\/types\/post"}],"replies":[{"embeddable":true,"href":"https:\/\/cftc-syntec.fr\/testimport\/wp-json\/wp\/v2\/comments?post=5161"}],"version-history":[{"count":0,"href":"https:\/\/cftc-syntec.fr\/testimport\/wp-json\/wp\/v2\/posts\/5161\/revisions"}],"wp:attachment":[{"href":"https:\/\/cftc-syntec.fr\/testimport\/wp-json\/wp\/v2\/media?parent=5161"}],"wp:term":[{"taxonomy":"category","embeddable":true,"href":"https:\/\/cftc-syntec.fr\/testimport\/wp-json\/wp\/v2\/categories?post=5161"},{"taxonomy":"post_tag","embeddable":true,"href":"https:\/\/cftc-syntec.fr\/testimport\/wp-json\/wp\/v2\/tags?post=5161"}],"curies":[{"name":"wp","href":"https:\/\/api.w.org\/{rel}","templated":true}]}}