{"id":5162,"date":"2025-07-21T10:15:08","date_gmt":"2025-07-21T08:15:08","guid":{"rendered":"https:\/\/cftc-syntec.fr\/testimport\/handicap-au-travail-entre-droits-garantis-et-inclusion-en-demi-teinte\/"},"modified":"2025-07-21T10:15:08","modified_gmt":"2025-07-21T08:15:08","slug":"handicap-au-travail-entre-droits-garantis-et-inclusion-en-demi-teinte","status":"publish","type":"post","link":"https:\/\/cftc-syntec.fr\/testimport\/handicap-au-travail-entre-droits-garantis-et-inclusion-en-demi-teinte\/","title":{"rendered":"Handicap au travail : entre droits garantis et inclusion en demi-teinte"},"content":{"rendered":"<p>L\u2019emploi des personnes en situation de handicap est encadr\u00e9 par un ensemble de dispositions juridiques important, qui vise \u00e0 garantir l\u2019\u00e9galit\u00e9 des droits et des chances dans le monde professionnel. Pourtant, malgr\u00e9 cette protection, les in\u00e9galit\u00e9s persistent. Trop souvent, les travailleurs handicap\u00e9s doivent encore surmonter des freins importants \u00e0 l\u2019embauche, \u00e0 l\u2019adaptation de leur poste ou \u00e0 l\u2019\u00e9volution de leur carri\u00e8re. La question de l\u2019inclusion ne se r\u00e9sume donc pas \u00e0 une conformit\u00e9 l\u00e9gale : elle interroge surtout l\u2019organisation du travail, les pratiques manag\u00e9riales et la capacit\u00e9 de l\u2019entreprise \u00e0 cr\u00e9er un environnement r\u00e9ellement accessible \u00e0 toutes et \u00e0 tous.<\/p>\n<p>\u00a0<\/p>\n<p><span><strong>Un cadre juridique renforc\u00e9<\/strong><\/span><\/p>\n<p>Depuis la loi du 10 juillet 1987 puis la loi du 11 f\u00e9vrier 2005 pour l\u2019\u00e9galit\u00e9 des droits et des chances, les employeurs ont l\u2019obligation d\u2019agir concr\u00e8tement pour l\u2019emploi des personnes handicap\u00e9es. Les entreprises d\u2019au moins 20 salari\u00e9s doivent employer au moins 6 % de personnes reconnues comme b\u00e9n\u00e9ficiaires de l\u2019obligation d\u2019emploi (les \u00ab BOETH \u00bb), sous peine de devoir verser une contribution financi\u00e8re \u00e0 l\u2019Agefiph.<\/p>\n<p>Il est important \u00e9galement de noter que m\u00eame si l\u2019OETH ne concerne que les entreprises de 20 salari\u00e9s et plus, toutes les entreprises quelle que soit leur taille doivent d\u00e9clarer mensuellement les salari\u00e9s handicap\u00e9s qu\u2019elles emploient.<\/p>\n<p>Mais l\u2019obligation ne s\u2019arr\u00eate pas l\u00e0, le Code du travail impose \u00e9galement \u00e0 tout employeur de prendre les mesures n\u00e9cessaires pour permettre aux salari\u00e9s en situation de handicap d\u2019occuper leur poste dans des conditions adapt\u00e9es \u00e0 leur \u00e9tat de sant\u00e9. Le refus injustifi\u00e9 d\u2019un tel am\u00e9nagement est d\u2019ailleurs consid\u00e9r\u00e9 comme une forme de discrimination, au sens du droit fran\u00e7ais et europ\u00e9en.<\/p>\n<p>En mati\u00e8re de non-discrimination, le droit du travail interdit explicitement toute distinction fond\u00e9e sur le handicap, \u00e0 tous les stades de la vie professionnelle : recrutement, acc\u00e8s \u00e0 la formation, r\u00e9mun\u00e9ration, \u00e9volution de carri\u00e8re, rupture du contrat. Ces protections s\u2019appliquent, que le handicap soit visible ou invisible, physique ou psychique.<\/p>\n<p>\u00a0<\/p>\n<p><span><strong>Des obstacles persistants \u00e0 l\u2019inclusion<\/strong><\/span><\/p>\n<p>Malgr\u00e9 ces garanties, les statistiques t\u00e9moignent d\u2019un d\u00e9calage important entre le droit et la r\u00e9alit\u00e9. Le taux de ch\u00f4mage des personnes handicap\u00e9es reste presque deux fois sup\u00e9rieur \u00e0 la moyenne nationale. Le recours au statut de travailleur handicap\u00e9 est encore v\u00e9cu comme une d\u00e9marche stigmatisante. Dans certaines entreprises, les demandes d\u2019am\u00e9nagement sont ignor\u00e9es ou minimis\u00e9es. Le parcours professionnel des salari\u00e9s concern\u00e9s est souvent frein\u00e9, voire bloqu\u00e9.<\/p>\n<p>L\u2019origine de ces in\u00e9galit\u00e9s tient autant \u00e0 une m\u00e9connaissance du droit qu\u2019\u00e0 des biais persistants dans les pratiques de recrutement ou de gestion des ressources humaines. S\u2019ajoutent \u00e9galement des difficult\u00e9s d\u2019accessibilit\u00e9 tant physiques (locaux inadapt\u00e9s, mat\u00e9riel non conforme) qu\u2019organisationnelles (rigidit\u00e9 des horaires, isolement dans l\u2019\u00e9quipe).<\/p>\n<p>\u00a0<\/p>\n<p><span><strong>Le r\u00f4le cl\u00e9 des repr\u00e9sentants du personnel<\/strong><\/span><\/p>\n<p>Dans ce contexte, les \u00e9lus du personnel et les repr\u00e9sentants syndicaux ont un r\u00f4le d\u00e9terminant \u00e0 jouer. Ils peuvent veiller au respect des obligations l\u00e9gales, interpeller l\u2019employeur en cas de manquement, accompagner les salari\u00e9s dans leurs d\u00e9marches, et surtout, proposer des actions collectives en faveur d\u2019un environnement de travail plus inclusif.<\/p>\n<p>Le comit\u00e9 social et \u00e9conomique (CSE) peut notamment demander \u00e0 consulter les donn\u00e9es relatives \u00e0 l\u2019emploi des personnes handicap\u00e9es, formuler des recommandations lors de la consultation sur la politique sociale, et s\u2019assurer que le document unique d\u2019\u00e9valuation des risques professionnels (DUERP) soit \u00e0 jour et prenne bien en compte les situations de handicap.<\/p>\n<p>Au-del\u00e0 du suivi, les organisations syndicales peuvent n\u00e9gocier des accords d\u2019entreprise, int\u00e9grant des objectifs clairs en mati\u00e8re de recrutement, d\u2019am\u00e9nagement de poste, de formation et de sensibilisation des \u00e9quipes.<\/p>\n<p><strong>\u00a0<\/strong><\/p>\n<p><strong>\u00a0<\/strong><\/p>\n<p>Le respect du droit est indispensable, mais il ne suffit pas. L\u2019inclusion suppose une transformation des mentalit\u00e9s, une formation des encadrants, une \u00e9coute r\u00e9elle des besoins. Il faut lever les tabous autour du handicap invisible, construire une culture manag\u00e9riale fond\u00e9e sur l\u2019adaptation et la reconnaissance de la diversit\u00e9 des parcours.<\/p>\n<p>L\u2019enjeu est donc de cr\u00e9er les conditions pour que cette r\u00e9alit\u00e9 ne soit plus un obstacle \u00e0 l\u2019emploi, mais simplement une composante parmi d\u2019autres de la richesse humaine de l\u2019entreprise.<\/p>\n<p>La F\u00e9d\u00e9ration CFTC Media+ organise un forum d\u00e9di\u00e9 au handicap et \u00e0 l\u2019inclusion en entreprise le 30 septembre 2025. Cet \u00e9v\u00e9nement r\u00e9unira des experts, des repr\u00e9sentants syndicaux, des acteurs institutionnels et des salari\u00e9s engag\u00e9s sur ces enjeux.<span> <a href=\"https:\/\/forms.gle\/CTiZcuagym3v5ZiQ8\">S\u2019inscrire ICI\u00a0<\/a><\/span><\/p>\n<p><span><strong>N\u2019h\u00e9sitez pas \u00e0 vous inscrire ! Ce sera un moment de dialogue, de formation et de mobilisation autour d\u2019un enjeu essentiel pour le monde du travail.<\/strong><\/span><\/p>\n<p>L\u2019article <a href=\"https:\/\/www.cftcmediaplus.fr\/federation\/handicap-au-travail-entre-droits-garantis-et-inclusion-en-demi-teinte\">Handicap au travail : entre droits garantis et inclusion en demi-teinte<\/a> est apparu en premier sur <a href=\"https:\/\/www.cftcmediaplus.fr\/\">CFTC Media Plus<\/a>.<\/p>\n","protected":false},"excerpt":{"rendered":"<p>L\u2019emploi des personnes en situation de handicap est encadr\u00e9 par un ensemble de dispositions juridiques important, qui vise \u00e0 garantir l\u2019\u00e9galit\u00e9 des droits et des chances dans le monde professionnel. Pourtant, malgr\u00e9 cette protection, les in\u00e9galit\u00e9s persistent. Trop souvent, les travailleurs handicap\u00e9s doivent encore surmonter des freins importants \u00e0 l\u2019embauche, \u00e0 l\u2019adaptation de leur poste [&hellip;]<\/p>\n","protected":false},"author":0,"featured_media":0,"comment_status":"open","ping_status":"open","sticky":false,"template":"","format":"standard","meta":[],"categories":[1],"tags":[],"_links":{"self":[{"href":"https:\/\/cftc-syntec.fr\/testimport\/wp-json\/wp\/v2\/posts\/5162"}],"collection":[{"href":"https:\/\/cftc-syntec.fr\/testimport\/wp-json\/wp\/v2\/posts"}],"about":[{"href":"https:\/\/cftc-syntec.fr\/testimport\/wp-json\/wp\/v2\/types\/post"}],"replies":[{"embeddable":true,"href":"https:\/\/cftc-syntec.fr\/testimport\/wp-json\/wp\/v2\/comments?post=5162"}],"version-history":[{"count":0,"href":"https:\/\/cftc-syntec.fr\/testimport\/wp-json\/wp\/v2\/posts\/5162\/revisions"}],"wp:attachment":[{"href":"https:\/\/cftc-syntec.fr\/testimport\/wp-json\/wp\/v2\/media?parent=5162"}],"wp:term":[{"taxonomy":"category","embeddable":true,"href":"https:\/\/cftc-syntec.fr\/testimport\/wp-json\/wp\/v2\/categories?post=5162"},{"taxonomy":"post_tag","embeddable":true,"href":"https:\/\/cftc-syntec.fr\/testimport\/wp-json\/wp\/v2\/tags?post=5162"}],"curies":[{"name":"wp","href":"https:\/\/api.w.org\/{rel}","templated":true}]}}