{"id":5176,"date":"2025-09-19T08:34:00","date_gmt":"2025-09-19T06:34:00","guid":{"rendered":"https:\/\/cftc-syntec.fr\/testimport\/aides-publiques-aux-entreprises-on-parle-de-211-milliards-deuros-par-an-qui-ne-sont-ni-evalues-ni-conditionnalises\/"},"modified":"2025-09-19T08:34:00","modified_gmt":"2025-09-19T06:34:00","slug":"aides-publiques-aux-entreprises-on-parle-de-211-milliards-deuros-par-an-qui-ne-sont-ni-evalues-ni-conditionnalises","status":"publish","type":"post","link":"https:\/\/cftc-syntec.fr\/testimport\/aides-publiques-aux-entreprises-on-parle-de-211-milliards-deuros-par-an-qui-ne-sont-ni-evalues-ni-conditionnalises\/","title":{"rendered":"Aides publiques aux entreprises : \u00ab On parle de 211 milliards d\u2019euros par an, qui ne sont ni \u00e9valu\u00e9s, ni conditionnalis\u00e9s \u00bb"},"content":{"rendered":"<p>Cet article <a href=\"https:\/\/www.cftc.fr\/actualites\/aides-publiques-aux-entreprises-on-parle-de-211-milliards-deuros-par-an-qui-ne-sont-ni-evalues-ni-conditionnalises\">Aides publiques aux entreprises : \u00ab On parle de 211 milliards d\u2019euros par an, qui ne sont ni \u00e9valu\u00e9s, ni conditionnalis\u00e9s \u00bb<\/a> est apparu en premier sur <a href=\"https:\/\/www.cftc.fr\/\">CFTC<\/a>.<\/p>\n","protected":false},"excerpt":{"rendered":"<p>Cet article Aides publiques aux entreprises : \u00ab On parle de 211 milliards d\u2019euros par an, qui ne sont ni \u00e9valu\u00e9s, ni conditionnalis\u00e9s \u00bb est apparu en premier sur CFTC.<\/p>\n","protected":false},"author":0,"featured_media":0,"comment_status":"open","ping_status":"open","sticky":false,"template":"","format":"standard","meta":[],"categories":[1],"tags":[],"_links":{"self":[{"href":"https:\/\/cftc-syntec.fr\/testimport\/wp-json\/wp\/v2\/posts\/5176"}],"collection":[{"href":"https:\/\/cftc-syntec.fr\/testimport\/wp-json\/wp\/v2\/posts"}],"about":[{"href":"https:\/\/cftc-syntec.fr\/testimport\/wp-json\/wp\/v2\/types\/post"}],"replies":[{"embeddable":true,"href":"https:\/\/cftc-syntec.fr\/testimport\/wp-json\/wp\/v2\/comments?post=5176"}],"version-history":[{"count":0,"href":"https:\/\/cftc-syntec.fr\/testimport\/wp-json\/wp\/v2\/posts\/5176\/revisions"}],"wp:attachment":[{"href":"https:\/\/cftc-syntec.fr\/testimport\/wp-json\/wp\/v2\/media?parent=5176"}],"wp:term":[{"taxonomy":"category","embeddable":true,"href":"https:\/\/cftc-syntec.fr\/testimport\/wp-json\/wp\/v2\/categories?post=5176"},{"taxonomy":"post_tag","embeddable":true,"href":"https:\/\/cftc-syntec.fr\/testimport\/wp-json\/wp\/v2\/tags?post=5176"}],"curies":[{"name":"wp","href":"https:\/\/api.w.org\/{rel}","templated":true}]}}