{"id":5180,"date":"2025-09-23T07:08:48","date_gmt":"2025-09-23T05:08:48","guid":{"rendered":"https:\/\/cftc-syntec.fr\/testimport\/vous-etes-tombe-malade-pendant-vos-vacances-le-report-de-conges-payes-est-desormais-possible\/"},"modified":"2025-09-23T07:08:48","modified_gmt":"2025-09-23T05:08:48","slug":"vous-etes-tombe-malade-pendant-vos-vacances-le-report-de-conges-payes-est-desormais-possible","status":"publish","type":"post","link":"https:\/\/cftc-syntec.fr\/testimport\/vous-etes-tombe-malade-pendant-vos-vacances-le-report-de-conges-payes-est-desormais-possible\/","title":{"rendered":"Vous \u00eates tomb\u00e9 malade pendant vos vacances ? Le report de cong\u00e9s pay\u00e9s est d\u00e9sormais possible"},"content":{"rendered":"<p>Cet article <a href=\"https:\/\/www.cftc.fr\/actualites\/vous-etes-tombe-malade-pendant-vos-vacances-le-report-de-conges-payes-est-desormais-possible\">Vous \u00eates tomb\u00e9 malade pendant vos vacances ? Le report de cong\u00e9s pay\u00e9s est d\u00e9sormais possible<\/a> est apparu en premier sur <a href=\"https:\/\/www.cftc.fr\/\">CFTC<\/a>.<\/p>\n","protected":false},"excerpt":{"rendered":"<p>Cet article Vous \u00eates tomb\u00e9 malade pendant vos vacances ? Le report de cong\u00e9s pay\u00e9s est d\u00e9sormais possible est apparu en premier sur CFTC.<\/p>\n","protected":false},"author":0,"featured_media":0,"comment_status":"open","ping_status":"open","sticky":false,"template":"","format":"standard","meta":[],"categories":[1],"tags":[],"_links":{"self":[{"href":"https:\/\/cftc-syntec.fr\/testimport\/wp-json\/wp\/v2\/posts\/5180"}],"collection":[{"href":"https:\/\/cftc-syntec.fr\/testimport\/wp-json\/wp\/v2\/posts"}],"about":[{"href":"https:\/\/cftc-syntec.fr\/testimport\/wp-json\/wp\/v2\/types\/post"}],"replies":[{"embeddable":true,"href":"https:\/\/cftc-syntec.fr\/testimport\/wp-json\/wp\/v2\/comments?post=5180"}],"version-history":[{"count":0,"href":"https:\/\/cftc-syntec.fr\/testimport\/wp-json\/wp\/v2\/posts\/5180\/revisions"}],"wp:attachment":[{"href":"https:\/\/cftc-syntec.fr\/testimport\/wp-json\/wp\/v2\/media?parent=5180"}],"wp:term":[{"taxonomy":"category","embeddable":true,"href":"https:\/\/cftc-syntec.fr\/testimport\/wp-json\/wp\/v2\/categories?post=5180"},{"taxonomy":"post_tag","embeddable":true,"href":"https:\/\/cftc-syntec.fr\/testimport\/wp-json\/wp\/v2\/tags?post=5180"}],"curies":[{"name":"wp","href":"https:\/\/api.w.org\/{rel}","templated":true}]}}