{"id":5182,"date":"2025-09-24T09:26:15","date_gmt":"2025-09-24T07:26:15","guid":{"rendered":"https:\/\/cftc-syntec.fr\/testimport\/la-rentree-et-larticulation-vie-professionnelle-vie-personnelle-quels-droits-pour-les-salaries-parents\/"},"modified":"2025-09-24T09:26:15","modified_gmt":"2025-09-24T07:26:15","slug":"la-rentree-et-larticulation-vie-professionnelle-vie-personnelle-quels-droits-pour-les-salaries-parents","status":"publish","type":"post","link":"https:\/\/cftc-syntec.fr\/testimport\/la-rentree-et-larticulation-vie-professionnelle-vie-personnelle-quels-droits-pour-les-salaries-parents\/","title":{"rendered":"La rentr\u00e9e et l\u2019articulation vie professionnelle\/vie personnelle : quels droits pour les salari\u00e9s-parents ?"},"content":{"rendered":"<p>Chaque ann\u00e9e, la rentr\u00e9e scolaire marque un moment de r\u00e9organisation pour de nombreuses familles. Entre la reprise du travail, la gestion des plannings scolaires et les impr\u00e9vus du quotidien, les salari\u00e9s-parents se retrouvent souvent \u00e0 jongler entre deux agendas. Mais que dit le droit du travail sur cette articulation entre vie professionnelle et vie personnelle ?<\/p>\n<p>\u00a0<\/p>\n<p>Des droits pour accompagner les salari\u00e9s-parents<\/p>\n<p>Le Code du travail pr\u00e9voit plusieurs dispositifs pour permettre aux parents de mieux concilier leurs obligations familiales et leur emploi. Ces droits, parfois compl\u00e9t\u00e9s par des accords d\u2019entreprise ou de branche, visent \u00e0 r\u00e9pondre aux situations les plus fr\u00e9quentes lors de la rentr\u00e9e scolaire.<\/p>\n<p><strong>Absence pour enfant malade<\/strong> : tout salari\u00e9 a droit \u00e0 un cong\u00e9 non r\u00e9mun\u00e9r\u00e9 s\u2019il doit rester aupr\u00e8s de son enfant malade ou accident\u00e9 de moins de 16 ans (article L1225-61). La dur\u00e9e varie selon l\u2019anciennet\u00e9 et le nombre d\u2019enfants : 3 jours par an (5 jours si l\u2019enfant a moins d\u2019un an ou si le salari\u00e9 assume la charge d\u2019au moins trois enfants de moins de 16 ans). Certaines conventions collectives am\u00e9liorent ce dispositif en pr\u00e9voyant un maintien de salaire.<br \/>\n<strong>Autorisations d\u2019absence pour \u00e9v\u00e9nements familiaux<\/strong> : la loi encadre d\u00e9j\u00e0 des cong\u00e9s pour mariage, d\u00e9c\u00e8s, naissance ou adoption. Mais certaines branches ou entreprises accordent en plus des absences sp\u00e9cifiques, comme une demi-journ\u00e9e ou une journ\u00e9e pour accompagner son enfant le jour de la rentr\u00e9e scolaire. Ces absences peuvent \u00eatre r\u00e9mun\u00e9r\u00e9es, selon les accords n\u00e9goci\u00e9s.<br \/>\n<strong>Am\u00e9nagements d\u2019horaires et t\u00e9l\u00e9travail<\/strong> : la rentr\u00e9e est souvent synonyme de r\u00e9organisation du quotidien. M\u00eame si le Code du travail ne cr\u00e9e pas de \u00ab droit automatique \u00bb \u00e0 des horaires am\u00e9nag\u00e9s pour les parents, l\u2019employeur peut r\u00e9pondre favorablement \u00e0 une demande ponctuelle (par exemple, commencer plus tard pour accompagner un enfant \u00e0 l\u2019\u00e9cole). Le t\u00e9l\u00e9travail peut \u00e9galement \u00eatre un outil efficace pour all\u00e9ger les contraintes, \u00e0 condition qu\u2019il soit pr\u00e9vu dans un accord collectif ou une charte interne. En pratique, beaucoup d\u2019entreprises mettent en place des mesures de souplesse \u00e0 cette p\u00e9riode pour \u00e9viter un climat de tension entre contraintes personnelles et exigences professionnelles.<\/p>\n<p>\u00a0<\/p>\n<p>La parentalit\u00e9, un crit\u00e8re prot\u00e9g\u00e9 contre la discrimination<\/p>\n<p>La loi interdit toute discrimination li\u00e9e \u00e0 la situation familiale (article L1132-1 du Code du travail). En clair, un salari\u00e9 ne peut \u00eatre d\u00e9savantag\u00e9 parce qu\u2019il est parent, que ce soit lors de l\u2019embauche, dans l\u2019acc\u00e8s \u00e0 la formation, pour une promotion ou en mati\u00e8re de r\u00e9mun\u00e9ration.<\/p>\n<p>Dans les faits, certaines pratiques discriminatoires persistent encore. Les m\u00e8res sont particuli\u00e8rement expos\u00e9es : refus d\u2019\u00e9volution de carri\u00e8re apr\u00e8s un cong\u00e9 maternit\u00e9, ralentissement des augmentations de salaire, ou encore marginalisation lorsqu\u2019elles demandent un temps partiel. Mais les p\u00e8res ne sont pas \u00e9pargn\u00e9s, notamment lorsqu\u2019ils sollicitent un cong\u00e9 parental ou souhaitent r\u00e9duire leur temps de travail pour s\u2019occuper de leurs enfants.<\/p>\n<p>La jurisprudence est venue rappeler \u00e0 plusieurs reprises que ces comportements constituent des discriminations graves, sanctionn\u00e9es par les juges. Le D\u00e9fenseur des droits publie r\u00e9guli\u00e8rement des rapports soulignant que la parentalit\u00e9 demeure un angle mort dans l\u2019\u00e9galit\u00e9 professionnelle.<\/p>\n<p>Prot\u00e9ger les parents, c\u2019est aussi prot\u00e9ger l\u2019\u00e9galit\u00e9 entre femmes et hommes dans le monde du travail. \u00c0 l\u2019heure o\u00f9 la conciliation vie professionnelle \/ vie personnelle devient un crit\u00e8re d\u2019attractivit\u00e9 pour les entreprises, lutter contre ces discriminations n\u2019appara\u00eet d\u00e9sormais plus uniquement comme une obligation l\u00e9gale.<\/p>\n<p>\u00a0<\/p>\n<p>Le r\u00f4le cl\u00e9 du dialogue social<\/p>\n<p>Au-del\u00e0 des droits inscrits dans le Code du travail, ce sont souvent les accords collectifs qui permettent de donner des marges de man\u0153uvre concr\u00e8tes aux salari\u00e9s.<\/p>\n<p>Certains accords de qualit\u00e9 de vie au travail (QVT) int\u00e8grent des mesures sp\u00e9cifiques, comme la possibilit\u00e9 de s\u2019absenter une demi-journ\u00e9e pour la rentr\u00e9e des enfants.<\/p>\n<p>Les repr\u00e9sentants du personnel peuvent aussi proposer des solutions adapt\u00e9es : flexibilit\u00e9 des horaires, compte \u00e9pargne-temps pour g\u00e9rer les impr\u00e9vus familiaux, ou encore t\u00e9l\u00e9travail facilit\u00e9.<\/p>\n<p>\u00a0<\/p>\n<p>La rentr\u00e9e scolaire illustre parfaitement les d\u00e9fis d\u2019\u00e9quilibre entre vie personnelle et vie professionnelle. Le droit du travail offre d\u00e9j\u00e0 un socle de protections, mais c\u2019est souvent par la n\u00e9gociation collective et le dialogue social que de v\u00e9ritables avanc\u00e9es voient le jour. Favoriser la conciliation des temps de vie n\u2019est pas seulement un enjeu pour les salari\u00e9s-parents : c\u2019est aussi un facteur de fid\u00e9lisation, de motivation et, in fine, de performance pour les entreprises.<\/p>\n<p>L\u2019article <a href=\"https:\/\/www.cftcmediaplus.fr\/juridique\/la-rentree-et-larticulation-vie-professionnelle-vie-personnelle-quels-droits-pour-les-salaries-parents\">La rentr\u00e9e et l\u2019articulation vie professionnelle\/vie personnelle : quels droits pour les salari\u00e9s-parents ?<\/a> est apparu en premier sur <a href=\"https:\/\/www.cftcmediaplus.fr\/\">CFTC Media Plus<\/a>.<\/p>\n","protected":false},"excerpt":{"rendered":"<p>Chaque ann\u00e9e, la rentr\u00e9e scolaire marque un moment de r\u00e9organisation pour de nombreuses familles. Entre la reprise du travail, la gestion des plannings scolaires et les impr\u00e9vus du quotidien, les salari\u00e9s-parents se retrouvent souvent \u00e0 jongler entre deux agendas. Mais que dit le droit du travail sur cette articulation entre vie professionnelle et vie personnelle [&hellip;]<\/p>\n","protected":false},"author":0,"featured_media":0,"comment_status":"open","ping_status":"open","sticky":false,"template":"","format":"standard","meta":[],"categories":[1],"tags":[],"_links":{"self":[{"href":"https:\/\/cftc-syntec.fr\/testimport\/wp-json\/wp\/v2\/posts\/5182"}],"collection":[{"href":"https:\/\/cftc-syntec.fr\/testimport\/wp-json\/wp\/v2\/posts"}],"about":[{"href":"https:\/\/cftc-syntec.fr\/testimport\/wp-json\/wp\/v2\/types\/post"}],"replies":[{"embeddable":true,"href":"https:\/\/cftc-syntec.fr\/testimport\/wp-json\/wp\/v2\/comments?post=5182"}],"version-history":[{"count":0,"href":"https:\/\/cftc-syntec.fr\/testimport\/wp-json\/wp\/v2\/posts\/5182\/revisions"}],"wp:attachment":[{"href":"https:\/\/cftc-syntec.fr\/testimport\/wp-json\/wp\/v2\/media?parent=5182"}],"wp:term":[{"taxonomy":"category","embeddable":true,"href":"https:\/\/cftc-syntec.fr\/testimport\/wp-json\/wp\/v2\/categories?post=5182"},{"taxonomy":"post_tag","embeddable":true,"href":"https:\/\/cftc-syntec.fr\/testimport\/wp-json\/wp\/v2\/tags?post=5182"}],"curies":[{"name":"wp","href":"https:\/\/api.w.org\/{rel}","templated":true}]}}