{"id":5195,"date":"2025-10-16T16:06:35","date_gmt":"2025-10-16T14:06:35","guid":{"rendered":"https:\/\/cftc-syntec.fr\/testimport\/le-comhiso-saison-2-episode-1-selim-fares\/"},"modified":"2025-10-16T16:06:35","modified_gmt":"2025-10-16T14:06:35","slug":"le-comhiso-saison-2-episode-1-selim-fares","status":"publish","type":"post","link":"https:\/\/cftc-syntec.fr\/testimport\/le-comhiso-saison-2-episode-1-selim-fares\/","title":{"rendered":"Le Comhiso \u2013 Saison 2, \u00e9pisode 1 : \u00ab S\u00e9lim Far\u00e8s \u00bb"},"content":{"rendered":"<p>Retrouvez le lancement officiel de la saison 2 du magazine Comhiso, via <a href=\"https:\/\/www.cftcmediaplus.fr\/comhiso-comite-dhistoire-sociale\">l\u2019interview de S\u00e9lim Far\u00e8s.<\/a><\/p>\n<p>Cet \u00e9pisode d\u2019ouverture marque le retour de Comhiso pour une nouvelle saison plac\u00e9e sous le signe du souvenir, du t\u00e9moignage et de l\u2019histoire sociale. <\/p>\n<p>On y retrouve un r\u00e9cit \u00e0 la fois personnel et collectif, un t\u00e9moignage puissant sur son parcours.<\/p>\n<p>\u00a0L\u2019\u00e9pisode plante le d\u00e9cor d\u2019une saison r\u00e9solument introspective, \u00e0 la crois\u00e9e du pass\u00e9 et du pr\u00e9sent.<\/p>\n<p>L\u2019article <a href=\"https:\/\/www.cftcmediaplus.fr\/federation\/le-comhiso-saison-2-episode-1-selim-fares\">Le Comhiso \u2013 Saison 2, \u00e9pisode 1 : \u00ab S\u00e9lim Far\u00e8s \u00bb<\/a> est apparu en premier sur <a href=\"https:\/\/www.cftcmediaplus.fr\/\">CFTC Media Plus<\/a>.<\/p>\n","protected":false},"excerpt":{"rendered":"<p>Retrouvez le lancement officiel de la saison 2 du magazine Comhiso, via l\u2019interview de S\u00e9lim Far\u00e8s. Cet \u00e9pisode d\u2019ouverture marque le retour de Comhiso pour une nouvelle saison plac\u00e9e sous le signe du souvenir, du t\u00e9moignage et de l\u2019histoire sociale. On y retrouve un r\u00e9cit \u00e0 la fois personnel et collectif, un t\u00e9moignage puissant sur [&hellip;]<\/p>\n","protected":false},"author":0,"featured_media":0,"comment_status":"open","ping_status":"open","sticky":false,"template":"","format":"standard","meta":[],"categories":[1],"tags":[],"_links":{"self":[{"href":"https:\/\/cftc-syntec.fr\/testimport\/wp-json\/wp\/v2\/posts\/5195"}],"collection":[{"href":"https:\/\/cftc-syntec.fr\/testimport\/wp-json\/wp\/v2\/posts"}],"about":[{"href":"https:\/\/cftc-syntec.fr\/testimport\/wp-json\/wp\/v2\/types\/post"}],"replies":[{"embeddable":true,"href":"https:\/\/cftc-syntec.fr\/testimport\/wp-json\/wp\/v2\/comments?post=5195"}],"version-history":[{"count":0,"href":"https:\/\/cftc-syntec.fr\/testimport\/wp-json\/wp\/v2\/posts\/5195\/revisions"}],"wp:attachment":[{"href":"https:\/\/cftc-syntec.fr\/testimport\/wp-json\/wp\/v2\/media?parent=5195"}],"wp:term":[{"taxonomy":"category","embeddable":true,"href":"https:\/\/cftc-syntec.fr\/testimport\/wp-json\/wp\/v2\/categories?post=5195"},{"taxonomy":"post_tag","embeddable":true,"href":"https:\/\/cftc-syntec.fr\/testimport\/wp-json\/wp\/v2\/tags?post=5195"}],"curies":[{"name":"wp","href":"https:\/\/api.w.org\/{rel}","templated":true}]}}